{"id":17957,"date":"2024-08-26T16:31:31","date_gmt":"2024-08-26T19:31:31","guid":{"rendered":"https:\/\/aconteceemmacaeeregiao.com.br\/?p=17957"},"modified":"2024-08-26T16:31:32","modified_gmt":"2024-08-26T19:31:32","slug":"operacao-policial-em-macae-desmancha-ponto-de-trafico-no-alto-dos-cajueiros","status":"publish","type":"post","link":"https:\/\/aconteceemmacaeeregiao.com.br\/index.php\/2024\/08\/26\/operacao-policial-em-macae-desmancha-ponto-de-trafico-no-alto-dos-cajueiros\/","title":{"rendered":"Opera\u00e7\u00e3o policial em Maca\u00e9 desmancha ponto de tr\u00e1fico no Alto dos Cajueiros"},"content":{"rendered":"\n<p><em><strong>A investiga\u00e7\u00e3o subsequente confirmou a liga\u00e7\u00e3o do suspeito com fac\u00e7\u00e3o criminosa<\/strong><\/em><\/p>\n\n\n\n<p>Na tarde de domingo (25), uma opera\u00e7\u00e3o policial em Maca\u00e9, na Rua Jandira Perlingeiro, bairro Alto dos Cajueiros, resultou na pris\u00e3o de um suspeito de<a href=\"https:\/\/aconteceemmacaeeregiao.com.br\/index.php\/2024\/07\/22\/homem-preso-por-trafico-de-drogas-em-macae-2\/\" title=\"Homem preso por tr\u00e1fico de drogas em Maca\u00e9\"> tr\u00e1fico<\/a> de drogas. O homem, conhecido por suas atividades na favela da Linha, foi detido durante um patrulhamento de rotina na \u00e1rea.<\/p>\n\n\n\n<p>Durante a abordagem, os <a href=\"https:\/\/aconteceemmacaeeregiao.com.br\/index.php\/2024\/05\/17\/policiais-penais-prende-foragido-em-macae\/\" title=\"Policiais penais prende foragido em Maca\u00e9\">policiais<\/a> encontraram com o suspeito 08 pedras de crack, pesando aproximadamente 16 gramas, e R$52,00 em dinheiro. Ap\u00f3s a pris\u00e3o e encaminhamento \u00e0 delegacia, uma busca mais detalhada revelou uma quantia adicional de R$1.360, totalizando R$1.412 em esp\u00e9cie. A investiga\u00e7\u00e3o subsequente confirmou a liga\u00e7\u00e3o do suspeito com a fac\u00e7\u00e3o criminosa ADA (Amigo dos Amigos).<\/p>\n\n\n\n<p>O indiv\u00edduo foi autuado por tr\u00e1fico de drogas, de acordo com o Art. 33 da Lei 11.343\/06, e est\u00e1 detido, aguardando os procedimentos judiciais.<\/p>\n\n\n\n<p>Com o aumento das opera\u00e7\u00f5es contra o tr\u00e1fico, \u00e9 importante que os moradores do bairro Alto dos Cajueiros e arredores tomem medidas de <a href=\"https:\/\/aconteceemmacaeeregiao.com.br\/index.php\/2024\/07\/22\/spe-workshop-de-seguranca-operacional-de-pocos-wsop\/\" title=\"SPE Workshop de Seguran\u00e7a Operacional de Po\u00e7os (WSOP) em Maca\u00e9\">seguran\u00e7a<\/a>, como evitar \u00e1reas conhecidas por atividades il\u00edcitas, manter contato frequente com vizinhos e informar \u00e0s autoridades sobre qualquer atividade suspeita. A colabora\u00e7\u00e3o com a pol\u00edcia pode ajudar a reduzir o tr\u00e1fico de drogas e melhorar a seguran\u00e7a local.<\/p>\n\n\n\n<p><a href=\"https:\/\/odia.ig.com.br\/macae\/2024\/08\/6906427-operacao-no-alto-dos-cajueiros-desmantela-ponto-de-trafico-de-drogas.html\" title=\"\"><em>Fonte Portal O Dia<\/em><\/a><\/p>\n","protected":false},"excerpt":{"rendered":"<p>A investiga\u00e7\u00e3o subsequente confirmou a liga\u00e7\u00e3o do suspeito com fac\u00e7\u00e3o criminosa Na tarde de domingo (25), uma opera\u00e7\u00e3o policial em Maca\u00e9, na Rua Jandira Perlingeiro, bairro Alto dos Cajueiros, resultou na pris\u00e3o de um suspeito de tr\u00e1fico de drogas. O homem, conhecido por suas atividades na favela da Linha, foi detido durante um patrulhamento de [&hellip;]<\/p>\n","protected":false},"author":2,"featured_media":17958,"comment_status":"closed","ping_status":"closed","sticky":false,"template":"","format":"standard","meta":{"postBodyCss":"","postBodyMargin":[],"postBodyPadding":[],"postBodyBackground":{"backgroundType":"classic","gradient":""},"footnotes":""},"categories":[47],"tags":[920,919,513],"class_list":["post-17957","post","type-post","status-publish","format-standard","has-post-thumbnail","hentry","category-ocorrencias","tag-cajueiros","tag-ocorrencias-em-macae","tag-trafico"],"aioseo_notices":[],"_links":{"self":[{"href":"https:\/\/aconteceemmacaeeregiao.com.br\/index.php\/wp-json\/wp\/v2\/posts\/17957","targetHints":{"allow":["GET"]}}],"collection":[{"href":"https:\/\/aconteceemmacaeeregiao.com.br\/index.php\/wp-json\/wp\/v2\/posts"}],"about":[{"href":"https:\/\/aconteceemmacaeeregiao.com.br\/index.php\/wp-json\/wp\/v2\/types\/post"}],"author":[{"embeddable":true,"href":"https:\/\/aconteceemmacaeeregiao.com.br\/index.php\/wp-json\/wp\/v2\/users\/2"}],"replies":[{"embeddable":true,"href":"https:\/\/aconteceemmacaeeregiao.com.br\/index.php\/wp-json\/wp\/v2\/comments?post=17957"}],"version-history":[{"count":0,"href":"https:\/\/aconteceemmacaeeregiao.com.br\/index.php\/wp-json\/wp\/v2\/posts\/17957\/revisions"}],"wp:featuredmedia":[{"embeddable":true,"href":"https:\/\/aconteceemmacaeeregiao.com.br\/index.php\/wp-json\/wp\/v2\/media\/17958"}],"wp:attachment":[{"href":"https:\/\/aconteceemmacaeeregiao.com.br\/index.php\/wp-json\/wp\/v2\/media?parent=17957"}],"wp:term":[{"taxonomy":"category","embeddable":true,"href":"https:\/\/aconteceemmacaeeregiao.com.br\/index.php\/wp-json\/wp\/v2\/categories?post=17957"},{"taxonomy":"post_tag","embeddable":true,"href":"https:\/\/aconteceemmacaeeregiao.com.br\/index.php\/wp-json\/wp\/v2\/tags?post=17957"}],"curies":[{"name":"wp","href":"https:\/\/api.w.org\/{rel}","templated":true}]}}