{"id":17960,"date":"2024-08-26T16:46:13","date_gmt":"2024-08-26T19:46:13","guid":{"rendered":"https:\/\/aconteceemmacaeeregiao.com.br\/?p=17960"},"modified":"2024-08-26T16:46:14","modified_gmt":"2024-08-26T19:46:14","slug":"guarda-mirim-de-macae-e-niteroi-se-reunem-para-fortalecer-parcerias-e-aprendizado","status":"publish","type":"post","link":"https:\/\/aconteceemmacaeeregiao.com.br\/index.php\/2024\/08\/26\/guarda-mirim-de-macae-e-niteroi-se-reunem-para-fortalecer-parcerias-e-aprendizado\/","title":{"rendered":"Guarda Mirim de Maca\u00e9 e Niter\u00f3i se re\u00fanem para fortalecer parcerias e aprendizado"},"content":{"rendered":"\n<p><em><strong>O evento segue a primeira Olimp\u00edada da Guarda Mirim de Maca\u00e9 realizada em 2023<\/strong><\/em><\/p>\n\n\n\n<p>Cerca de 30 jovens da Guarda Mirim de Maca\u00e9 participaram de um dia de integra\u00e7\u00e3o no Complexo Esportivo do Barreto, em Niter\u00f3i, promovendo um valioso interc\u00e2mbio entre as Guardas Mirins das duas cidades. O evento, liderado pelo subinspetor Marcelo Coelho Xavier, ressaltou o impacto positivo dos programas socioeducativos oferecidos pela <a href=\"https:\/\/aconteceemmacaeeregiao.com.br\/index.php\/2023\/05\/04\/prefeitura-entrega-coletes-balisticos-para-agentes-da-guarda-municipal\/\" title=\"Prefeitura entrega coletes bal\u00edsticos para agentes da Guarda Municipal\u00a0\u00a0\">Guarda Municipal<\/a> de Niter\u00f3i.<\/p>\n\n\n\n<p>Durante o encontro, o vice-prefeito de Niter\u00f3i, Paulo Bagueira, foi homenageado com um Certificado de Reconhecimento e Gratid\u00e3o pelo seu apoio cont\u00ednuo \u00e0s atividades da Guarda Mirim e pela cess\u00e3o do Complexo Esportivo, fundamental especialmente durante as reformas na Cidade da Ordem P\u00fablica. Bagueira destacou a import\u00e2ncia do projeto para a<a href=\"https:\/\/aconteceemmacaeeregiao.com.br\/index.php\/2024\/02\/05\/programa-juventude-ativa-117-vagas-disponiveis-com-inscricoes-abertas\/\" title=\"Programa Juventude Ativa: 117 vagas dispon\u00edveis com inscri\u00e7\u00f5es abertas\"> juventude<\/a>, enfatizando como as atividades esportivas e sociais promovem disciplina, respeito e afastam os jovens de influ\u00eancias negativas.<\/p>\n\n\n\n<p>O evento segue a primeira Olimp\u00edada da Guarda Mirim de Maca\u00e9, realizada em 2023, e fortalece a parceria entre as cidades no apoio ao desenvolvimento de jovens. A Guarda Mirim de Niter\u00f3i atende atualmente 120 jovens, de tr\u00eas meses a 17 anos, oferecendo uma variedade de atividades, como nata\u00e7\u00e3o, futebol, artes marciais, desfiles c\u00edvicos, <a href=\"https:\/\/aconteceemmacaeeregiao.com.br\/index.php\/2024\/08\/07\/brasil-lider-na-reducao-da-fome-afirma-ministro-wellington-dias\/\" title=\"Brasil l\u00edder na redu\u00e7\u00e3o da fome, afirma Ministro Wellington Dias\">programas<\/a> musicais e uma academia de artes e of\u00edcios. O Comandante Xavier e sua esposa lideram o projeto, que tamb\u00e9m inclui iniciativas de inclus\u00e3o para crian\u00e7as e adolescentes neurodivergentes.<\/p>\n\n\n\n<p><strong>Import\u00e2ncia dos Programas Socioeducativos<\/strong><\/p>\n\n\n\n<p>Os programas da Guarda Mirim s\u00e3o fundamentais para o desenvolvimento saud\u00e1vel e positivo dos jovens, proporcionando um ambiente seguro onde eles podem aprender habilidades valiosas, cultivar disciplina e construir la\u00e7os comunit\u00e1rios fortes. Participar de atividades estruturadas, como esportes e artes, ajuda a direcionar a energia dos jovens para caminhos produtivos, aumentando suas oportunidades de sucesso futuro e evitando o envolvimento em atividades prejudiciais.<\/p>\n\n\n\n<p><em><a href=\"https:\/\/odia.ig.com.br\/macae\/2024\/08\/6906438-encontro-de-guardas-mirins-fortalece-lacos-entre-macae-e-niteroi.html\" title=\"\">Fonte Portal O Dia<\/a><\/em><\/p>\n","protected":false},"excerpt":{"rendered":"<p>O evento segue a primeira Olimp\u00edada da Guarda Mirim de Maca\u00e9 realizada em 2023 Cerca de 30 jovens da Guarda Mirim de Maca\u00e9 participaram de um dia de integra\u00e7\u00e3o no Complexo Esportivo do Barreto, em Niter\u00f3i, promovendo um valioso interc\u00e2mbio entre as Guardas Mirins das duas cidades. O evento, liderado pelo subinspetor Marcelo Coelho Xavier, [&hellip;]<\/p>\n","protected":false},"author":2,"featured_media":17961,"comment_status":"closed","ping_status":"closed","sticky":false,"template":"","format":"standard","meta":{"postBodyCss":"","postBodyMargin":[],"postBodyPadding":[],"postBodyBackground":{"backgroundType":"classic","gradient":""},"footnotes":""},"categories":[6,42],"tags":[539,273,1000,1001],"class_list":["post-17960","post","type-post","status-publish","format-standard","has-post-thumbnail","hentry","category-esporte","category-macae","tag-guarda-municipal","tag-jovem","tag-niteroi","tag-olimpiadas"],"aioseo_notices":[],"_links":{"self":[{"href":"https:\/\/aconteceemmacaeeregiao.com.br\/index.php\/wp-json\/wp\/v2\/posts\/17960","targetHints":{"allow":["GET"]}}],"collection":[{"href":"https:\/\/aconteceemmacaeeregiao.com.br\/index.php\/wp-json\/wp\/v2\/posts"}],"about":[{"href":"https:\/\/aconteceemmacaeeregiao.com.br\/index.php\/wp-json\/wp\/v2\/types\/post"}],"author":[{"embeddable":true,"href":"https:\/\/aconteceemmacaeeregiao.com.br\/index.php\/wp-json\/wp\/v2\/users\/2"}],"replies":[{"embeddable":true,"href":"https:\/\/aconteceemmacaeeregiao.com.br\/index.php\/wp-json\/wp\/v2\/comments?post=17960"}],"version-history":[{"count":0,"href":"https:\/\/aconteceemmacaeeregiao.com.br\/index.php\/wp-json\/wp\/v2\/posts\/17960\/revisions"}],"wp:featuredmedia":[{"embeddable":true,"href":"https:\/\/aconteceemmacaeeregiao.com.br\/index.php\/wp-json\/wp\/v2\/media\/17961"}],"wp:attachment":[{"href":"https:\/\/aconteceemmacaeeregiao.com.br\/index.php\/wp-json\/wp\/v2\/media?parent=17960"}],"wp:term":[{"taxonomy":"category","embeddable":true,"href":"https:\/\/aconteceemmacaeeregiao.com.br\/index.php\/wp-json\/wp\/v2\/categories?post=17960"},{"taxonomy":"post_tag","embeddable":true,"href":"https:\/\/aconteceemmacaeeregiao.com.br\/index.php\/wp-json\/wp\/v2\/tags?post=17960"}],"curies":[{"name":"wp","href":"https:\/\/api.w.org\/{rel}","templated":true}]}}