{"id":18074,"date":"2024-09-05T08:49:59","date_gmt":"2024-09-05T11:49:59","guid":{"rendered":"https:\/\/aconteceemmacaeeregiao.com.br\/?p=18074"},"modified":"2024-09-05T08:50:00","modified_gmt":"2024-09-05T11:50:00","slug":"incricoes-abertas-na-oficina-de-percursao-em-cabo-frio","status":"publish","type":"post","link":"https:\/\/aconteceemmacaeeregiao.com.br\/index.php\/2024\/09\/05\/incricoes-abertas-na-oficina-de-percursao-em-cabo-frio\/","title":{"rendered":"Incri\u00e7\u00f5es abertas na Oficina de Percurs\u00e3o em Cabo Frio"},"content":{"rendered":"\n<p><strong><em>Bloco Alternativo Resist\u00eancia abre inscri\u00e7\u00f5es para Oficina de Percuss\u00e3o para quem n\u00e3o sabe tocar nenhum instrumento e tem interesse em aprender e participar de um bloco de carnaval<\/em><\/strong><\/p>\n\n\n\n<p>O Bloco Alternativo Resist\u00eancia de <a href=\"https:\/\/aconteceemmacaeeregiao.com.br\/index.php\/2024\/08\/29\/iff-abre-inscricoes-para-o-processo-seletivo-2025-em-cabo-frio\/\" title=\"IFF abre inscri\u00e7\u00f5es para o Processo Seletivo 2025 em Cabo Frio\">Cabo Frio<\/a> est\u00e1 com inscri\u00e7\u00f5es abertas para a Oficina de Percuss\u00e3o, voltada para iniciantes que queiram aprender a tocar e participar de um bloco de carnaval. As aulas come\u00e7am em 14 de setembro, \u00e0s 15h, no Quintal Collab. O foco desta oficina ser\u00e1 no &#8220;naipe de caixa&#8221;, mas os participantes tamb\u00e9m aprender\u00e3o sobre outros instrumentos de percuss\u00e3o e receber\u00e3o material para praticar em casa.<\/p>\n\n\n\n<p>O Bloco surgiu das oficinas ministradas por Rafael Carvalho e, desde ent\u00e3o, promove encontros mensais acess\u00edveis, com <a href=\"https:\/\/aconteceemmacaeeregiao.com.br\/index.php\/2024\/07\/01\/transfer-english-ufrj-escolhe-plataforma-para-ensino-de-ingles-e-oferece-r-250-mil-em-bolsas\/\" title=\"Transfer English: UFRJ escolhe plataforma para ensino de ingl\u00eas e oferece R$ 250 mil em bolsas\">bolsas<\/a> integrais ou parciais para quem n\u00e3o pode arcar com o custo total (R$ 30). A oficina \u00e9 uma excelente oportunidade de aprender m\u00fasica e fazer parte de um coletivo inclusivo que promove o carnaval com consci\u00eancia social, diversidade e respeito.<\/p>\n\n\n\n<p>Servi\u00e7o:<br><strong>Data<\/strong>: 14 de setembro<br><strong>Hor\u00e1rio<\/strong>: 15h<br><strong>Local<\/strong>: Quintal Collab, Rua Porto Alegre, 19<br><strong>Custo<\/strong>: R$ 30 (com bolsas integrais ou 50%)<br><strong>Inscri\u00e7\u00f5es<\/strong>: (21) 98880-3676 (Giovanna)<br><strong>Professores<\/strong>: Rafael Carvalho e Aline Pillar<\/p>\n\n\n\n<p><a href=\"https:\/\/odia.ig.com.br\/cabo-frio\/2024\/09\/6912037-bloco-alternativo-resistencia-abre-inscricoes-para-a-oficina-de-percussao-em-cabo-frio.html\" title=\"\"><em>Fonte Portal o Dia <\/em><\/a><\/p>\n","protected":false},"excerpt":{"rendered":"<p>Bloco Alternativo Resist\u00eancia abre inscri\u00e7\u00f5es para Oficina de Percuss\u00e3o para quem n\u00e3o sabe tocar nenhum instrumento e tem interesse em aprender e participar de um bloco de carnaval O Bloco Alternativo Resist\u00eancia de Cabo Frio est\u00e1 com inscri\u00e7\u00f5es abertas para a Oficina de Percuss\u00e3o, voltada para iniciantes que queiram aprender a tocar e participar de [&hellip;]<\/p>\n","protected":false},"author":2,"featured_media":18075,"comment_status":"closed","ping_status":"closed","sticky":false,"template":"","format":"standard","meta":{"postBodyCss":"","postBodyMargin":[],"postBodyPadding":[],"postBodyBackground":{"backgroundType":"classic","gradient":""},"footnotes":""},"categories":[155,86,61,43],"tags":[148,198],"class_list":["post-18074","post","type-post","status-publish","format-standard","has-post-thumbnail","hentry","category-cabo-frio","category-cultura","category-educacao","category-regiao","tag-carnaval","tag-cursos"],"aioseo_notices":[],"_links":{"self":[{"href":"https:\/\/aconteceemmacaeeregiao.com.br\/index.php\/wp-json\/wp\/v2\/posts\/18074","targetHints":{"allow":["GET"]}}],"collection":[{"href":"https:\/\/aconteceemmacaeeregiao.com.br\/index.php\/wp-json\/wp\/v2\/posts"}],"about":[{"href":"https:\/\/aconteceemmacaeeregiao.com.br\/index.php\/wp-json\/wp\/v2\/types\/post"}],"author":[{"embeddable":true,"href":"https:\/\/aconteceemmacaeeregiao.com.br\/index.php\/wp-json\/wp\/v2\/users\/2"}],"replies":[{"embeddable":true,"href":"https:\/\/aconteceemmacaeeregiao.com.br\/index.php\/wp-json\/wp\/v2\/comments?post=18074"}],"version-history":[{"count":0,"href":"https:\/\/aconteceemmacaeeregiao.com.br\/index.php\/wp-json\/wp\/v2\/posts\/18074\/revisions"}],"wp:featuredmedia":[{"embeddable":true,"href":"https:\/\/aconteceemmacaeeregiao.com.br\/index.php\/wp-json\/wp\/v2\/media\/18075"}],"wp:attachment":[{"href":"https:\/\/aconteceemmacaeeregiao.com.br\/index.php\/wp-json\/wp\/v2\/media?parent=18074"}],"wp:term":[{"taxonomy":"category","embeddable":true,"href":"https:\/\/aconteceemmacaeeregiao.com.br\/index.php\/wp-json\/wp\/v2\/categories?post=18074"},{"taxonomy":"post_tag","embeddable":true,"href":"https:\/\/aconteceemmacaeeregiao.com.br\/index.php\/wp-json\/wp\/v2\/tags?post=18074"}],"curies":[{"name":"wp","href":"https:\/\/api.w.org\/{rel}","templated":true}]}}