{"id":18084,"date":"2024-09-06T17:24:29","date_gmt":"2024-09-06T20:24:29","guid":{"rendered":"https:\/\/aconteceemmacaeeregiao.com.br\/?p=18084"},"modified":"2024-09-06T17:24:30","modified_gmt":"2024-09-06T20:24:30","slug":"vacine-seu-pet-e-proteja-sua-familia-cevas-inicia-vacinacao-antirrabica-em-macae","status":"publish","type":"post","link":"https:\/\/aconteceemmacaeeregiao.com.br\/index.php\/2024\/09\/06\/vacine-seu-pet-e-proteja-sua-familia-cevas-inicia-vacinacao-antirrabica-em-macae\/","title":{"rendered":"Vacine seu pet e proteja sua fam\u00edlia: Cevas inicia Vacina\u00e7\u00e3o Antirr\u00e1bica em Maca\u00e9"},"content":{"rendered":"\n<p><em><strong>As vacinas s\u00e3o gratuitas e podem ser aplicadas at\u00e9 o dia 25<\/strong><\/em><\/p>\n\n\n\n<p>A Coordenadoria Especial de Vigil\u00e2ncia Ambiental e Sa\u00fade (Cevas) deu in\u00edcio \u00e0 Campanha de<a href=\"https:\/\/aconteceemmacaeeregiao.com.br\/index.php\/2024\/06\/22\/ministerio-da-saude-reforca-importancia-da-vacinacao-contra-a-gripe\/\" title=\"Minist\u00e9rio da Sa\u00fade refor\u00e7a import\u00e2ncia da vacina\u00e7\u00e3o contra a gripe\"> Vacina\u00e7\u00e3o <\/a>Antirr\u00e1bica para c\u00e3es e gatos em Maca\u00e9. Durante todo o m\u00eas de setembro, 28 pontos de vacina\u00e7\u00e3o estar\u00e3o dispon\u00edveis em bairros e distritos, incluindo a regi\u00e3o serrana, at\u00e9 o dia 25. As vacinas s\u00e3o gratuitas e podem ser aplicadas entre 9h e 16h. Equipes itinerantes tamb\u00e9m atuar\u00e3o em localidades como Virgem Santa e Sana.<\/p>\n\n\n\n<p>A vacina\u00e7\u00e3o \u00e9 uma medida crucial para prevenir a raiva, uma <a href=\"https:\/\/aconteceemmacaeeregiao.com.br\/index.php\/2024\/08\/12\/meningite-mitos-e-verdades-sobre-uma-doenca-grave\/\" title=\"Meningite: Mitos e Verdades sobre uma Doen\u00e7a Grave\">doen\u00e7a<\/a> grave e letal que pode ser transmitida a humanos. Para garantir a seguran\u00e7a, os animais devem estar saud\u00e1veis, e \u00e9 importante seguir as orienta\u00e7\u00f5es de <a href=\"https:\/\/aconteceemmacaeeregiao.com.br\/index.php\/2024\/09\/02\/macae-oferece-transporte-publico-gratuito-no-dia-das-eleicoes\/\" title=\"Maca\u00e9 oferece transporte p\u00fablico gratuito no dia das elei\u00e7\u00f5es\">transporte<\/a>: coleiras e guias para c\u00e3es e gaiolas para gatos. F\u00eameas gestantes ou lactantes n\u00e3o devem ser vacinadas.<\/p>\n\n\n\n<p>Para mais informa\u00e7\u00f5es, d\u00favidas ou den\u00fancias, a Cevas est\u00e1 \u00e0 disposi\u00e7\u00e3o pelo email cevas@macae.rj.gov.br, Disque Dengue 0800-022-6461, ou Instagram @cevasmacae.<\/p>\n\n\n\n<p><em><a href=\"https:\/\/odia.ig.com.br\/macae\/2024\/09\/6913101-cevas-inicia-campanha-de-vacinacao-antirrabica-em-macae.html\" title=\"\">Fonte Portal O Dia<\/a><\/em><\/p>\n","protected":false},"excerpt":{"rendered":"<p>As vacinas s\u00e3o gratuitas e podem ser aplicadas at\u00e9 o dia 25 A Coordenadoria Especial de Vigil\u00e2ncia Ambiental e Sa\u00fade (Cevas) deu in\u00edcio \u00e0 Campanha de Vacina\u00e7\u00e3o Antirr\u00e1bica para c\u00e3es e gatos em Maca\u00e9. Durante todo o m\u00eas de setembro, 28 pontos de vacina\u00e7\u00e3o estar\u00e3o dispon\u00edveis em bairros e distritos, incluindo a regi\u00e3o serrana, at\u00e9 [&hellip;]<\/p>\n","protected":false},"author":2,"featured_media":18085,"comment_status":"closed","ping_status":"closed","sticky":false,"template":"","format":"standard","meta":{"postBodyCss":"","postBodyMargin":[],"postBodyPadding":[],"postBodyBackground":{"backgroundType":"classic","gradient":""},"footnotes":""},"categories":[42],"tags":[417,163,137],"class_list":["post-18084","post","type-post","status-publish","format-standard","has-post-thumbnail","hentry","category-macae","tag-regiao-serrana","tag-saude-dos-pets","tag-vacina"],"aioseo_notices":[],"_links":{"self":[{"href":"https:\/\/aconteceemmacaeeregiao.com.br\/index.php\/wp-json\/wp\/v2\/posts\/18084","targetHints":{"allow":["GET"]}}],"collection":[{"href":"https:\/\/aconteceemmacaeeregiao.com.br\/index.php\/wp-json\/wp\/v2\/posts"}],"about":[{"href":"https:\/\/aconteceemmacaeeregiao.com.br\/index.php\/wp-json\/wp\/v2\/types\/post"}],"author":[{"embeddable":true,"href":"https:\/\/aconteceemmacaeeregiao.com.br\/index.php\/wp-json\/wp\/v2\/users\/2"}],"replies":[{"embeddable":true,"href":"https:\/\/aconteceemmacaeeregiao.com.br\/index.php\/wp-json\/wp\/v2\/comments?post=18084"}],"version-history":[{"count":0,"href":"https:\/\/aconteceemmacaeeregiao.com.br\/index.php\/wp-json\/wp\/v2\/posts\/18084\/revisions"}],"wp:featuredmedia":[{"embeddable":true,"href":"https:\/\/aconteceemmacaeeregiao.com.br\/index.php\/wp-json\/wp\/v2\/media\/18085"}],"wp:attachment":[{"href":"https:\/\/aconteceemmacaeeregiao.com.br\/index.php\/wp-json\/wp\/v2\/media?parent=18084"}],"wp:term":[{"taxonomy":"category","embeddable":true,"href":"https:\/\/aconteceemmacaeeregiao.com.br\/index.php\/wp-json\/wp\/v2\/categories?post=18084"},{"taxonomy":"post_tag","embeddable":true,"href":"https:\/\/aconteceemmacaeeregiao.com.br\/index.php\/wp-json\/wp\/v2\/tags?post=18084"}],"curies":[{"name":"wp","href":"https:\/\/api.w.org\/{rel}","templated":true}]}}