{"id":18142,"date":"2024-09-12T17:10:51","date_gmt":"2024-09-12T20:10:51","guid":{"rendered":"https:\/\/aconteceemmacaeeregiao.com.br\/?p=18142"},"modified":"2024-09-12T17:31:56","modified_gmt":"2024-09-12T20:31:56","slug":"feira-de-empregabilidade-para-pcds-oferece-mais-de-2-100-vagas","status":"publish","type":"post","link":"https:\/\/aconteceemmacaeeregiao.com.br\/index.php\/2024\/09\/12\/feira-de-empregabilidade-para-pcds-oferece-mais-de-2-100-vagas\/","title":{"rendered":"Feira de Empregabilidade para PcDs oferece mais de 2.100 vagas"},"content":{"rendered":"\n<p><em><strong>5\u00aa Edi\u00e7\u00e3o da Inclui PcD acontece de forma online dias 17 e 18 de Setembro e oferece postos de trabalho em companhias como EY, GPA, Beiersdorf, Serasa, Siemens, Vivo, Zurich e Petrobras<\/strong><\/em><\/p>\n\n\n\n<p>A 5\u00aa Edi\u00e7\u00e3o da feira online Inclui PcD, promovida pela <a href=\"https:\/\/www.egalite.com.br\/\" title=\"\">startup Egalite<\/a>, est\u00e1 oferecendo 2.500 vagas de emprego para pessoas com defici\u00eancia<a href=\"https:\/\/aconteceemmacaeeregiao.com.br\/index.php\/2024\/08\/23\/oportunidades-de-carreira-em-grandes-empresas-mais-de-4-700-vagas-abertas-em-todo-o-brasil\/\" title=\"Oportunidades de carreira em grandes empresas: Mais de 4.700 vagas abertas em todo o Brasil\"> (PcDs)<\/a> em todo o Brasil, com 2.106 oportunidades concentradas na regi\u00e3o Sudeste. O evento, que ocorrer\u00e1 nos dias 17 e 18 de setembro, visa aumentar a inclus\u00e3o de PcDs no mercado de trabalho. Entre as empresas participantes est\u00e3o grandes nomes como EY, Vivo, Petrobras e Siemens.<\/p>\n\n\n\n<p>A feira, que surgiu em 2020, j\u00e1 disponibilizou 35 mil vagas desde ent\u00e3o. Em 2023, espera-se alcan\u00e7ar a marca de 5 mil postos de trabalho. O<a href=\"https:\/\/aconteceemmacaeeregiao.com.br\/index.php\/2024\/09\/05\/startup-de-macae-representa-o-brasil-em-evento-global-de-inovacao-em-hong-kong\/\" title=\"Startup de Maca\u00e9 representa o Brasil em evento global de inova\u00e7\u00e3o em Hong Kong\"> evento <\/a>contar\u00e1 com palestras e lives para os 80 mil candidatos j\u00e1 cadastrados, al\u00e9m de inscri\u00e7\u00f5es gratuitas tanto para empresas quanto para candidatos interessados em participar.<\/p>\n\n\n\n<p>Empresas e candidatos interessados em participar da Inclui PcD podem se inscrever e cadastrar vagas gratuitamente no site da feira (dispon\u00edvel no\u00a0<a href=\"https:\/\/incluipcd.com.br\/\" target=\"_blank\" rel=\"noreferrer noopener\">link<\/a>).<\/p>\n\n\n\n<p>Profissionais com defici\u00eancia podem aproveitar o evento para se preparar e destacar suas qualifica\u00e7\u00f5es. Oportunidades como essa s\u00e3o fundamentais para promover inclus\u00e3o e combater o preconceito, abrindo portas para uma trajet\u00f3ria profissional de sucesso.<\/p>\n\n\n\n<p><strong>Sobre a&nbsp;<\/strong><a href=\"https:\/\/incluipcd.com.br\/\" target=\"_blank\" rel=\"noreferrer noopener\">Inclui PcD<\/a><strong>:<\/strong><\/p>\n\n\n\n<p>A feira \u00e9 a maior de empregabilidade para o p\u00fablico com defici\u00eancia do mundo e acontece em homenagem ao Dia Nacional da Luta da Pessoa com Defici\u00eancia, 21 de setembro. Nas tr\u00eas edi\u00e7\u00f5es do evento, sendo elas em 2020, 2021 e 2022, foram 27 mil vagas totais. A feira \u00e9 realizada pela startup especializada na inclus\u00e3o de pessoas com defici\u00eancia no mercado de trabalho Egalite e aposta&nbsp;em conex\u00e3o, inclus\u00e3o e capacita\u00e7\u00e3o. Assim, o evento \u00e9 uma ponte entre esses profissionais e as empresas, atribuindo autonomia e protagonismo \u00e0s pessoas com defici\u00eancia.<\/p>\n\n\n\n<p><strong>Sobre a&nbsp;<\/strong><a href=\"https:\/\/www.egalite.com.br\/\" target=\"_blank\" rel=\"noreferrer noopener\">Egalite<\/a><strong>:<\/strong><\/p>\n\n\n\n<p>Startup realizadora da Inclui PcD, a Egalite \u00e9 especializada na inclus\u00e3o de pessoas com defici\u00eancia no mercado de trabalho. A empresa atua promovendo conex\u00e3o, capacita\u00e7\u00e3o e inclus\u00e3o das pessoas com defici\u00eancia frente ao mercado de trabalho. A startup j\u00e1 capacitou e empregou mais de 14 mil pessoas em todo pa\u00eds. Em 2022, a startup marcou presen\u00e7a no Ranking Neg\u00f3cios em Expans\u00e3o, uma parceria entre EXAME, BTG Pactual e PwC Brasil, que reconhece as pequenas e m\u00e9dias empresas que mais expandiram vendas. A HRtech venceu o Zero Project, pr\u00eamio austr\u00edaco em conjunto com o World Future Council e o European Foundation Center, o World Summit Awards (WSA) promovido pela ONU, em 2019, al\u00e9m de ter sido acelerada pelo Facebook e pela Artemisia na Esta\u00e7\u00e3o Hack, em 2018. Em 2017, foi a primeira empresa do Brasil premiada no&nbsp;<em>Global Grand Challenges Awards<\/em>&nbsp;e, no mesmo ano, foi considerada uma das 10 startups mais atrativas do Brasil, de acordo com a 100 Open Startups.<\/p>\n\n\n\n<p><\/p>\n","protected":false},"excerpt":{"rendered":"<p>5\u00aa Edi\u00e7\u00e3o da Inclui PcD acontece de forma online dias 17 e 18 de Setembro e oferece postos de trabalho em companhias como EY, GPA, Beiersdorf, Serasa, Siemens, Vivo, Zurich e Petrobras A 5\u00aa Edi\u00e7\u00e3o da feira online Inclui PcD, promovida pela startup Egalite, est\u00e1 oferecendo 2.500 vagas de emprego para pessoas com defici\u00eancia (PcDs) [&hellip;]<\/p>\n","protected":false},"author":2,"featured_media":18143,"comment_status":"closed","ping_status":"closed","sticky":false,"template":"","format":"standard","meta":{"postBodyCss":"","postBodyMargin":[],"postBodyPadding":[],"postBodyBackground":{"backgroundType":"classic","gradient":""},"footnotes":""},"categories":[951,61,73],"tags":[77,342,82,87],"class_list":["post-18142","post","type-post","status-publish","format-standard","has-post-thumbnail","hentry","category-brasil","category-educacao","category-emprego","tag-emprego","tag-online","tag-oportunidade","tag-vagas"],"aioseo_notices":[],"_links":{"self":[{"href":"https:\/\/aconteceemmacaeeregiao.com.br\/index.php\/wp-json\/wp\/v2\/posts\/18142","targetHints":{"allow":["GET"]}}],"collection":[{"href":"https:\/\/aconteceemmacaeeregiao.com.br\/index.php\/wp-json\/wp\/v2\/posts"}],"about":[{"href":"https:\/\/aconteceemmacaeeregiao.com.br\/index.php\/wp-json\/wp\/v2\/types\/post"}],"author":[{"embeddable":true,"href":"https:\/\/aconteceemmacaeeregiao.com.br\/index.php\/wp-json\/wp\/v2\/users\/2"}],"replies":[{"embeddable":true,"href":"https:\/\/aconteceemmacaeeregiao.com.br\/index.php\/wp-json\/wp\/v2\/comments?post=18142"}],"version-history":[{"count":0,"href":"https:\/\/aconteceemmacaeeregiao.com.br\/index.php\/wp-json\/wp\/v2\/posts\/18142\/revisions"}],"wp:featuredmedia":[{"embeddable":true,"href":"https:\/\/aconteceemmacaeeregiao.com.br\/index.php\/wp-json\/wp\/v2\/media\/18143"}],"wp:attachment":[{"href":"https:\/\/aconteceemmacaeeregiao.com.br\/index.php\/wp-json\/wp\/v2\/media?parent=18142"}],"wp:term":[{"taxonomy":"category","embeddable":true,"href":"https:\/\/aconteceemmacaeeregiao.com.br\/index.php\/wp-json\/wp\/v2\/categories?post=18142"},{"taxonomy":"post_tag","embeddable":true,"href":"https:\/\/aconteceemmacaeeregiao.com.br\/index.php\/wp-json\/wp\/v2\/tags?post=18142"}],"curies":[{"name":"wp","href":"https:\/\/api.w.org\/{rel}","templated":true}]}}