{"id":18209,"date":"2024-09-21T15:36:26","date_gmt":"2024-09-21T18:36:26","guid":{"rendered":"https:\/\/aconteceemmacaeeregiao.com.br\/?p=18209"},"modified":"2024-09-21T15:36:26","modified_gmt":"2024-09-21T18:36:26","slug":"macae-aplica-multa-de-r-150-mil-para-quem-praticar-queimadas-em-areas-de-vegetacao","status":"publish","type":"post","link":"https:\/\/aconteceemmacaeeregiao.com.br\/index.php\/2024\/09\/21\/macae-aplica-multa-de-r-150-mil-para-quem-praticar-queimadas-em-areas-de-vegetacao\/","title":{"rendered":"Maca\u00e9 aplica multa de R$ 150 mil para quem praticar queimadas em \u00e1reas de vegeta\u00e7\u00e3o"},"content":{"rendered":"\n<p>A Prefeitura de Maca\u00e9 estabeleceu uma multa de R$ 150 mil para quem for flagrado realizando <a href=\"https:\/\/aconteceemmacaeeregiao.com.br\/index.php\/2024\/08\/20\/dois-grandes-incendios-em-macae-no-ultimo-fim-de-semana\/\" title=\"Dois grandes inc\u00eandios em Maca\u00e9 no \u00faltimo fim de semana\">queimadas <\/a>no munic\u00edpio. A medida, prevista no decreto n\u00ba 177\/2014, busca combater o aumento de inc\u00eandios em \u00e1reas de vegeta\u00e7\u00e3o, que comprometem a sa\u00fade p\u00fablica e a seguran\u00e7a. <\/p>\n\n\n\n<p>Al\u00e9m de criar a Comiss\u00e3o de Monitoramento Clim\u00e1tico, formada por 10 \u00f3rg\u00e3os municipais, o decreto refor\u00e7a a coopera\u00e7\u00e3o com o Corpo de Bombeiros e a Defesa Civil para coordenar a\u00e7\u00f5es emergenciais e controlar os focos de inc\u00eandio.<\/p>\n\n\n\n<p><em><a href=\"https:\/\/odia.ig.com.br\/macae\/2024\/09\/6919585-macae-impoe-multa-de-rs-150-mil-para-quem-realizar-queimadas.html\" title=\"\">Fonte Portal O Dia<\/a><\/em><\/p>\n\n\n\n<p><\/p>\n","protected":false},"excerpt":{"rendered":"<p>A Prefeitura de Maca\u00e9 estabeleceu uma multa de R$ 150 mil para quem for flagrado realizando queimadas no munic\u00edpio. A medida, prevista no decreto n\u00ba 177\/2014, busca combater o aumento de inc\u00eandios em \u00e1reas de vegeta\u00e7\u00e3o, que comprometem a sa\u00fade p\u00fablica e a seguran\u00e7a. Al\u00e9m de criar a Comiss\u00e3o de Monitoramento Clim\u00e1tico, formada por 10 [&hellip;]<\/p>\n","protected":false},"author":2,"featured_media":18210,"comment_status":"closed","ping_status":"closed","sticky":false,"template":"","format":"standard","meta":{"postBodyCss":"","postBodyMargin":[],"postBodyPadding":[],"postBodyBackground":{"backgroundType":"classic","gradient":""},"footnotes":""},"categories":[42,67],"tags":[997,987,89],"class_list":["post-18209","post","type-post","status-publish","format-standard","has-post-thumbnail","hentry","category-macae","category-meio-ambiente","tag-incendios","tag-multa","tag-prefeitura"],"aioseo_notices":[],"_links":{"self":[{"href":"https:\/\/aconteceemmacaeeregiao.com.br\/index.php\/wp-json\/wp\/v2\/posts\/18209","targetHints":{"allow":["GET"]}}],"collection":[{"href":"https:\/\/aconteceemmacaeeregiao.com.br\/index.php\/wp-json\/wp\/v2\/posts"}],"about":[{"href":"https:\/\/aconteceemmacaeeregiao.com.br\/index.php\/wp-json\/wp\/v2\/types\/post"}],"author":[{"embeddable":true,"href":"https:\/\/aconteceemmacaeeregiao.com.br\/index.php\/wp-json\/wp\/v2\/users\/2"}],"replies":[{"embeddable":true,"href":"https:\/\/aconteceemmacaeeregiao.com.br\/index.php\/wp-json\/wp\/v2\/comments?post=18209"}],"version-history":[{"count":0,"href":"https:\/\/aconteceemmacaeeregiao.com.br\/index.php\/wp-json\/wp\/v2\/posts\/18209\/revisions"}],"wp:featuredmedia":[{"embeddable":true,"href":"https:\/\/aconteceemmacaeeregiao.com.br\/index.php\/wp-json\/wp\/v2\/media\/18210"}],"wp:attachment":[{"href":"https:\/\/aconteceemmacaeeregiao.com.br\/index.php\/wp-json\/wp\/v2\/media?parent=18209"}],"wp:term":[{"taxonomy":"category","embeddable":true,"href":"https:\/\/aconteceemmacaeeregiao.com.br\/index.php\/wp-json\/wp\/v2\/categories?post=18209"},{"taxonomy":"post_tag","embeddable":true,"href":"https:\/\/aconteceemmacaeeregiao.com.br\/index.php\/wp-json\/wp\/v2\/tags?post=18209"}],"curies":[{"name":"wp","href":"https:\/\/api.w.org\/{rel}","templated":true}]}}