{"id":18229,"date":"2024-09-24T21:35:49","date_gmt":"2024-09-25T00:35:49","guid":{"rendered":"https:\/\/aconteceemmacaeeregiao.com.br\/?p=18229"},"modified":"2024-09-24T21:35:50","modified_gmt":"2024-09-25T00:35:50","slug":"brk-promove-conscientizacao-sobre-descarte-correto-de-residuos-para-empresarios-de-macae","status":"publish","type":"post","link":"https:\/\/aconteceemmacaeeregiao.com.br\/index.php\/2024\/09\/24\/brk-promove-conscientizacao-sobre-descarte-correto-de-residuos-para-empresarios-de-macae\/","title":{"rendered":"BRK promove conscientiza\u00e7\u00e3o sobre descarte correto de res\u00edduos para empres\u00e1rios de Maca\u00e9"},"content":{"rendered":"\n<p><em><strong>Fruto de parceria com o Convention &amp; Visitors Bureau, encontro aconteceu na ACIM nesta ter\u00e7a-feira (24). A\u00e7\u00e3o faz parte da campanha \u201cCada coisa tem seu lugar e cada um tem seu papel\u201d<\/strong><\/em><\/p>\n\n\n\n<p>A concession\u00e1ria BRK, respons\u00e1vel pela coleta e tratamento de esgoto em <a href=\"https:\/\/aconteceemmacaeeregiao.com.br\/index.php\/2024\/09\/21\/macae-aplica-multa-de-r-150-mil-para-quem-praticar-queimadas-em-areas-de-vegetacao\/\" title=\"Maca\u00e9 aplica multa de R$ 150 mil para quem praticar queimadas em \u00e1reas de vegeta\u00e7\u00e3o\">Maca\u00e9<\/a>, em parceria com o Maca\u00e9 Convention &amp; Visitors Bureau, organizou um encontro com empres\u00e1rios da cidade para destacar a import\u00e2ncia do descarte correto de res\u00edduos. A a\u00e7\u00e3o faz parte da campanha \u201cCada coisa tem seu lugar e cada um tem seu papel\u201d, que visa educar a popula\u00e7\u00e3o sobre como tratar res\u00edduos s\u00f3lidos, como lixo, \u00f3leo e entulho, de forma a evitar danos ao sistema de esgoto.<\/p>\n\n\n\n<p>A reuni\u00e3o ressaltou a necessidade de que res\u00edduos s\u00f3lidos n\u00e3o sejam despejados nas tubula\u00e7\u00f5es de esgoto e que \u00e1gua da chuva n\u00e3o seja direcionada para o sistema exclusivo de <a href=\"https:\/\/aconteceemmacaeeregiao.com.br\/index.php\/2024\/09\/21\/ruas-da-aroeira-e-granja-dos-cavaleiros-terao-bloqueios-para-obras-de-esgoto\/\" title=\"Ruas da Aroeira e Granja dos Cavaleiros ter\u00e3o bloqueios para obras de esgoto\">esgoto<\/a>. Durante a apresenta\u00e7\u00e3o, foram discutidos os desafios enfrentados pela BRK e dados sobre as opera\u00e7\u00f5es preventivas, como a retirada de 160 toneladas de res\u00edduos entre janeiro e julho, principalmente len\u00e7os umedecidos, \u00f3leo de cozinha e pl\u00e1sticos. Essas a\u00e7\u00f5es evitam danos nas redes de \u00e1reas comerciais importantes da cidade.<\/p>\n\n\n\n<p>Renato Miranda, gerente de Opera\u00e7\u00f5es da BRK, destacou que o saneamento \u00e9 uma responsabilidade compartilhada entre a prefeitura, a concession\u00e1ria e a popula\u00e7\u00e3o. Ao final, a BRK refor\u00e7ou a import\u00e2ncia do envolvimento de todos e ofereceu seus canais de atendimento para tirar d\u00favidas e receber solicita\u00e7\u00f5es.<\/p>\n\n\n\n<p>Evite despejar \u00f3leo de cozinha no ralo. Armazene-o em garrafas e leve para pontos de coleta. Isso ajuda a evitar entupimentos e contribui para a preserva\u00e7\u00e3o do meio ambiente!<\/p>\n\n\n\n<p><em>Fonte Ascom BRK<\/em><\/p>\n","protected":false},"excerpt":{"rendered":"<p>Fruto de parceria com o Convention &amp; Visitors Bureau, encontro aconteceu na ACIM nesta ter\u00e7a-feira (24). A\u00e7\u00e3o faz parte da campanha \u201cCada coisa tem seu lugar e cada um tem seu papel\u201d A concession\u00e1ria BRK, respons\u00e1vel pela coleta e tratamento de esgoto em Maca\u00e9, em parceria com o Maca\u00e9 Convention &amp; Visitors Bureau, organizou um [&hellip;]<\/p>\n","protected":false},"author":2,"featured_media":18230,"comment_status":"closed","ping_status":"closed","sticky":false,"template":"","format":"standard","meta":{"postBodyCss":"","postBodyMargin":[],"postBodyPadding":[],"postBodyBackground":{"backgroundType":"classic","gradient":""},"footnotes":""},"categories":[61,42,67],"tags":[104,250,385],"class_list":["post-18229","post","type-post","status-publish","format-standard","has-post-thumbnail","hentry","category-educacao","category-macae","category-meio-ambiente","tag-brk","tag-empresario","tag-preservacao"],"aioseo_notices":[],"_links":{"self":[{"href":"https:\/\/aconteceemmacaeeregiao.com.br\/index.php\/wp-json\/wp\/v2\/posts\/18229","targetHints":{"allow":["GET"]}}],"collection":[{"href":"https:\/\/aconteceemmacaeeregiao.com.br\/index.php\/wp-json\/wp\/v2\/posts"}],"about":[{"href":"https:\/\/aconteceemmacaeeregiao.com.br\/index.php\/wp-json\/wp\/v2\/types\/post"}],"author":[{"embeddable":true,"href":"https:\/\/aconteceemmacaeeregiao.com.br\/index.php\/wp-json\/wp\/v2\/users\/2"}],"replies":[{"embeddable":true,"href":"https:\/\/aconteceemmacaeeregiao.com.br\/index.php\/wp-json\/wp\/v2\/comments?post=18229"}],"version-history":[{"count":0,"href":"https:\/\/aconteceemmacaeeregiao.com.br\/index.php\/wp-json\/wp\/v2\/posts\/18229\/revisions"}],"wp:featuredmedia":[{"embeddable":true,"href":"https:\/\/aconteceemmacaeeregiao.com.br\/index.php\/wp-json\/wp\/v2\/media\/18230"}],"wp:attachment":[{"href":"https:\/\/aconteceemmacaeeregiao.com.br\/index.php\/wp-json\/wp\/v2\/media?parent=18229"}],"wp:term":[{"taxonomy":"category","embeddable":true,"href":"https:\/\/aconteceemmacaeeregiao.com.br\/index.php\/wp-json\/wp\/v2\/categories?post=18229"},{"taxonomy":"post_tag","embeddable":true,"href":"https:\/\/aconteceemmacaeeregiao.com.br\/index.php\/wp-json\/wp\/v2\/tags?post=18229"}],"curies":[{"name":"wp","href":"https:\/\/api.w.org\/{rel}","templated":true}]}}