{"id":18258,"date":"2024-10-01T19:29:27","date_gmt":"2024-10-01T22:29:27","guid":{"rendered":"https:\/\/aconteceemmacaeeregiao.com.br\/?p=18258"},"modified":"2024-10-01T19:29:28","modified_gmt":"2024-10-01T22:29:28","slug":"inscricoes-estao-abertas-para-2-mil-vagas-do-curso-gratuito-da-plataforma-proa-no-estado-do-rio-de-janeiro","status":"publish","type":"post","link":"https:\/\/aconteceemmacaeeregiao.com.br\/index.php\/2024\/10\/01\/inscricoes-estao-abertas-para-2-mil-vagas-do-curso-gratuito-da-plataforma-proa-no-estado-do-rio-de-janeiro\/","title":{"rendered":"Inscri\u00e7\u00f5es est\u00e3o abertas para 2 mil vagas do curso gratuito da Plataforma PROA no Estado do Rio de Janeiro"},"content":{"rendered":"\n<p><em><strong>Vagas s\u00e3o voltadas para estudantes que est\u00e3o finalizando ou j\u00e1 conclu\u00edram o Ensino M\u00e9dio em escolas p\u00fablicas<\/strong><\/em><\/p>\n\n\n\n<p>A partir de 30 de setembro estar\u00e3o abertas as inscri\u00e7\u00f5es para o processo seletivo do curso gratuito da Plataforma PROA 2024, que ter\u00e1 sua primeira aula em 14 de outubro. S\u00e3o 2 mil vagas dispon\u00edveis para jovens do Estado do Rio de Janeiro, destinadas a estudantes que est\u00e3o concluindo ou j\u00e1 finalizaram o Ensino M\u00e9dio em escolas p\u00fablicas.<\/p>\n\n\n\n<p>Para participar, o candidato deve se inscrever no&nbsp;<a href=\"https:\/\/www.proa.org.br\/\" target=\"_blank\" rel=\"noreferrer noopener\">site<\/a>&nbsp;e responder a um teste b\u00e1sico de l\u00edngua portuguesa, matem\u00e1tica e an\u00e1lise de perfil. Se aprovado, prossegue para a etapa de preenchimento dos dados pessoais e matr\u00edcula no curso.<\/p>\n\n\n\n<p>Trata-se de uma oportunidade em um contexto em que, segundo o Instituto Brasileiro de Geografia e Estat\u00edstica (IBGE), a taxa de desemprego entre jovens de 18 a 24 anos no Brasil atingiu 16,8% no 1\u00ba trimestre de 2024. \u201cCerca de 85% dos jovens conseguem <a href=\"https:\/\/aconteceemmacaeeregiao.com.br\/index.php\/2024\/09\/02\/macae-se-destaca-na-geracao-de-empregos-em-meio-a-cenario-desafiante\/\" title=\"Maca\u00e9 se destaca na gera\u00e7\u00e3o de empregos em meio a cen\u00e1rio desafiante\">emprego<\/a> ap\u00f3s a conclus\u00e3o do curso que qualifica o estudante para entrar preparado no mercado de trabalho\u201d, afirma Alini Dal\u2019Magro, CEO do Instituto PROA.<\/p>\n\n\n\n<p>O curso do PROA possui carga hor\u00e1ria de 100 horas e \u00e9 dividido em quatro m\u00f3dulos, focando no autoconhecimento, planejamento profissional, racioc\u00ednio l\u00f3gico e comunica\u00e7\u00e3o, para ajudar os alunos a definirem metas e se destacarem em entrevistas de emprego. Al\u00e9m disso, semanalmente, s\u00e3o realizados encontros ao vivo por tutores.<\/p>\n\n\n\n<p>Os jovens t\u00eam, ainda, a op\u00e7\u00e3o de cursar um quinto m\u00f3dulo com uma trilha t\u00e9cnica espec\u00edfica, escolhendo entre oito carreiras patrocinadas por grandes empresas. Cada trilha oferece 50 horas de prepara\u00e7\u00e3o nas seguintes \u00e1reas: Administra\u00e7\u00e3o (P&amp;G), Log\u00edstica (P&amp;G), Excel e Power BI (Microsoft), Varejo (Funda\u00e7\u00e3o Casas Bahia), UX Design (Accenture), Promo\u00e7\u00e3o de Marcas (BRF), Educa\u00e7\u00e3o Financeira (Bloomberg + Dahlia Capital) e Atendimento a Clientes (IMFG + Grupo BMG).<\/p>\n\n\n\n<p>Ao final do curso, os participantes recebem certificado de conclus\u00e3o e acesso a uma plataforma exclusiva com oportunidades de emprego.<\/p>\n\n\n\n<p><strong>Mercado de trabalho<\/strong><\/p>\n\n\n\n<p>Um exemplo de sucesso \u00e9 o ex-aluno Samuel Lopes Cabral, de 20 anos, que conheceu a Plataforma PROA atrav\u00e9s de uma reportagem na TV e participou do curso em 2023. \u201cAprendi desde criar um curr\u00edculo at\u00e9 melhorar minha comunica\u00e7\u00e3o, foi uma experi\u00eancia \u00fanica e hoje me sinto mais seguro profissionalmente\u201d, afirma o jovem, que depois do curso e com a ajuda do PROA, est\u00e1 empregado como assistente administrativo no Grupo Casas Bahia.&nbsp;<\/p>\n\n\n\n<p><strong>Servi\u00e7o \u2013 Plataforma PROA<\/strong><\/p>\n\n\n\n<p>Processo seletivo para a Plataforma PROA: de 30 de setembro a 27 de outubro<\/p>\n\n\n\n<p>In\u00edcio das aulas: 14 de outubro de 2024 \u2013 O curso come\u00e7ar\u00e1 duas semanas ap\u00f3s (sempre na segunda-feira) a aprova\u00e7\u00e3o no processo seletivo.<\/p>\n\n\n\n<p>Inscri\u00e7\u00f5es no site:<a href=\"https:\/\/www.proa.org.br\/plataforma-proa\/\" target=\"_blank\" rel=\"noreferrer noopener\">&nbsp;proa.org.br<\/a><\/p>\n\n\n\n<p><strong>Requisitos:&nbsp;<\/strong><\/p>\n\n\n\n<p>&#8211; Ter entre 17 e 22 anos;<\/p>\n\n\n\n<p>&#8211; Morar no Rio de Janeiro;<\/p>\n\n\n\n<p>&#8211; Estar cursando ou ter conclu\u00eddo o 3\u00ba ano do Ensino M\u00e9dio em escola p\u00fablica.<\/p>\n\n\n\n<p>Vagas para Rio de Janeiro: 2 mil<\/p>\n\n\n\n<p><strong>Sobre o Instituto PROA<\/strong><\/p>\n\n\n\n<p>O Instituto PROA foi fundado em 2007 com o objetivo de auxiliar jovens de baixa renda a ingressarem no mercado de trabalho, dividindo conhecimentos sobre carreiras, planejamento, autoconhecimento para voca\u00e7\u00f5es e comunica\u00e7\u00e3o. Desde ent\u00e3o, j\u00e1 impactou mais de 36 mil alunos com seus dois principais projetos, Plataforma PROA \u2013 prepara\u00e7\u00e3o para o primeiro emprego \u2013 e PROPROFISS\u00c3O \u2013 curso de programa\u00e7\u00e3o para quem deseja ser um(a) desenvolvedor(a) Java Junior. A Plataforma PROA est\u00e1 presente nos estados de S\u00e3o Paulo, Rio de Janeiro, Minas Gerais, Paran\u00e1, Santa Catarina e Rio Grande do Sul, e em 2024, chega em Goi\u00e1s, Mato Grosso do Sul, Distrito Federal, Bahia e Pernambuco.<\/p>\n","protected":false},"excerpt":{"rendered":"<p>Vagas s\u00e3o voltadas para estudantes que est\u00e3o finalizando ou j\u00e1 conclu\u00edram o Ensino M\u00e9dio em escolas p\u00fablicas A partir de 30 de setembro estar\u00e3o abertas as inscri\u00e7\u00f5es para o processo seletivo do curso gratuito da Plataforma PROA 2024, que ter\u00e1 sua primeira aula em 14 de outubro. S\u00e3o 2 mil vagas dispon\u00edveis para jovens do [&hellip;]<\/p>\n","protected":false},"author":2,"featured_media":18259,"comment_status":"closed","ping_status":"closed","sticky":false,"template":"","format":"standard","meta":{"postBodyCss":"","postBodyMargin":[],"postBodyPadding":[],"postBodyBackground":{"backgroundType":"classic","gradient":""},"footnotes":""},"categories":[61],"tags":[132,455,273],"class_list":["post-18258","post","type-post","status-publish","format-standard","has-post-thumbnail","hentry","category-educacao","tag-cursos-gratuitos","tag-escola-publica","tag-jovem"],"aioseo_notices":[],"_links":{"self":[{"href":"https:\/\/aconteceemmacaeeregiao.com.br\/index.php\/wp-json\/wp\/v2\/posts\/18258","targetHints":{"allow":["GET"]}}],"collection":[{"href":"https:\/\/aconteceemmacaeeregiao.com.br\/index.php\/wp-json\/wp\/v2\/posts"}],"about":[{"href":"https:\/\/aconteceemmacaeeregiao.com.br\/index.php\/wp-json\/wp\/v2\/types\/post"}],"author":[{"embeddable":true,"href":"https:\/\/aconteceemmacaeeregiao.com.br\/index.php\/wp-json\/wp\/v2\/users\/2"}],"replies":[{"embeddable":true,"href":"https:\/\/aconteceemmacaeeregiao.com.br\/index.php\/wp-json\/wp\/v2\/comments?post=18258"}],"version-history":[{"count":0,"href":"https:\/\/aconteceemmacaeeregiao.com.br\/index.php\/wp-json\/wp\/v2\/posts\/18258\/revisions"}],"wp:featuredmedia":[{"embeddable":true,"href":"https:\/\/aconteceemmacaeeregiao.com.br\/index.php\/wp-json\/wp\/v2\/media\/18259"}],"wp:attachment":[{"href":"https:\/\/aconteceemmacaeeregiao.com.br\/index.php\/wp-json\/wp\/v2\/media?parent=18258"}],"wp:term":[{"taxonomy":"category","embeddable":true,"href":"https:\/\/aconteceemmacaeeregiao.com.br\/index.php\/wp-json\/wp\/v2\/categories?post=18258"},{"taxonomy":"post_tag","embeddable":true,"href":"https:\/\/aconteceemmacaeeregiao.com.br\/index.php\/wp-json\/wp\/v2\/tags?post=18258"}],"curies":[{"name":"wp","href":"https:\/\/api.w.org\/{rel}","templated":true}]}}