{"id":18316,"date":"2024-10-09T17:44:24","date_gmt":"2024-10-09T20:44:24","guid":{"rendered":"https:\/\/aconteceemmacaeeregiao.com.br\/?p=18316"},"modified":"2024-10-09T17:56:21","modified_gmt":"2024-10-09T20:56:21","slug":"governo-de-macae-entrega-arena-sol-y-mar-e-ginasio-poliesportivo-ate-dezembro","status":"publish","type":"post","link":"https:\/\/aconteceemmacaeeregiao.com.br\/index.php\/2024\/10\/09\/governo-de-macae-entrega-arena-sol-y-mar-e-ginasio-poliesportivo-ate-dezembro\/","title":{"rendered":"Governo de Maca\u00e9 entrega Arena Sol y Mar e Gin\u00e1sio Poliesportivo at\u00e9 dezembro"},"content":{"rendered":"\n<p>A Prefeitura de Maca\u00e9 anuncia a inaugura\u00e7\u00e3o de duas importantes estruturas esportivas no bairro Sol y Mar at\u00e9 o final do ano: a Arena Sol y Mar e o Gin\u00e1sio Poliesportivo Engenheiro Maur\u00edcio Soares Bittencourt. Os espa\u00e7os prometem ser ponto de encontro para entusiastas do esporte e atletas de diversas modalidades, promovendo o desenvolvimento do esporte local.<\/p>\n\n\n\n<p>A Arena Sol y Mar contar\u00e1 com academia popular equipada com aparelhos em inox, quadra poliesportiva coberta e parquinho, atraindo esportistas de todas as idades. As obras est\u00e3o em fase de finaliza\u00e7\u00e3o, com a instala\u00e7\u00e3o de cobertura na academia e quadra, al\u00e9m de ajustes el\u00e9tricos, hidr\u00e1ulicos e nas cal\u00e7adas externas.<\/p>\n\n\n<div class=\"wp-block-image\">\n<figure class=\"aligncenter size-large\"><img fetchpriority=\"high\" decoding=\"async\" width=\"1024\" height=\"683\" src=\"https:\/\/aconteceemmacaeeregiao.com.br\/wp-content\/uploads\/2024\/10\/1728512720-1024x683.jpg\" alt=\"\" class=\"wp-image-18318\" srcset=\"https:\/\/aconteceemmacaeeregiao.com.br\/wp-content\/uploads\/2024\/10\/1728512720-1024x683.jpg 1024w, https:\/\/aconteceemmacaeeregiao.com.br\/wp-content\/uploads\/2024\/10\/1728512720-300x200.jpg 300w, https:\/\/aconteceemmacaeeregiao.com.br\/wp-content\/uploads\/2024\/10\/1728512720-768x512.jpg 768w, https:\/\/aconteceemmacaeeregiao.com.br\/wp-content\/uploads\/2024\/10\/1728512720-1200x800.jpg 1200w, https:\/\/aconteceemmacaeeregiao.com.br\/wp-content\/uploads\/2024\/10\/1728512720.jpg 1500w\" sizes=\"(max-width: 1024px) 100vw, 1024px\" \/><\/figure>\n<\/div>\n\n\n<p>J\u00e1 o Gin\u00e1sio Poliesportivo, que passou por uma grande reforma, est\u00e1 recebendo melhorias na ilumina\u00e7\u00e3o, rampas de acesso, e a instala\u00e7\u00e3o de pisos e forros. A estrutura tamb\u00e9m foi refor\u00e7ada e o piso da quadra elevado. Ambos os complexos refletem o investimento da prefeitura no esporte e lazer para a comunidade.<\/p>\n\n\n<div class=\"wp-block-image\">\n<figure class=\"aligncenter size-large\"><img decoding=\"async\" width=\"1024\" height=\"683\" data-src=\"https:\/\/aconteceemmacaeeregiao.com.br\/wp-content\/uploads\/2024\/10\/1728551447-1024x683.jpg\" alt=\"\" class=\"wp-image-18317 lazyload\" data-srcset=\"https:\/\/aconteceemmacaeeregiao.com.br\/wp-content\/uploads\/2024\/10\/1728551447-1024x683.jpg 1024w, https:\/\/aconteceemmacaeeregiao.com.br\/wp-content\/uploads\/2024\/10\/1728551447-300x200.jpg 300w, https:\/\/aconteceemmacaeeregiao.com.br\/wp-content\/uploads\/2024\/10\/1728551447-768x512.jpg 768w, https:\/\/aconteceemmacaeeregiao.com.br\/wp-content\/uploads\/2024\/10\/1728551447-1200x800.jpg 1200w, https:\/\/aconteceemmacaeeregiao.com.br\/wp-content\/uploads\/2024\/10\/1728551447.jpg 1500w\" data-sizes=\"(max-width: 1024px) 100vw, 1024px\" src=\"data:image\/svg+xml;base64,PHN2ZyB3aWR0aD0iMSIgaGVpZ2h0PSIxIiB4bWxucz0iaHR0cDovL3d3dy53My5vcmcvMjAwMC9zdmciPjwvc3ZnPg==\" style=\"--smush-placeholder-width: 1024px; --smush-placeholder-aspect-ratio: 1024\/683;\" \/><\/figure>\n<\/div>\n\n\n<p><em><a href=\"https:\/\/www.macae.rj.gov.br\/noticias\/leitura\/noticia\/governo-entrega-arena-sol-y-mar-e-ginasio-poliesportivo-ate-dezembro\" title=\"\">Fonte Secom Pref de Maca\u00e9<\/a><\/em><\/p>\n","protected":false},"excerpt":{"rendered":"<p>A Prefeitura de Maca\u00e9 anuncia a inaugura\u00e7\u00e3o de duas importantes estruturas esportivas no bairro Sol y Mar at\u00e9 o final do ano: a Arena Sol y Mar e o Gin\u00e1sio Poliesportivo Engenheiro Maur\u00edcio Soares Bittencourt. Os espa\u00e7os prometem ser ponto de encontro para entusiastas do esporte e atletas de diversas modalidades, promovendo o desenvolvimento do [&hellip;]<\/p>\n","protected":false},"author":2,"featured_media":18319,"comment_status":"closed","ping_status":"closed","sticky":false,"template":"","format":"standard","meta":{"postBodyCss":"","postBodyMargin":[],"postBodyPadding":[],"postBodyBackground":{"backgroundType":"classic","gradient":""},"footnotes":""},"categories":[6,42,1],"tags":[606,59,89],"class_list":["post-18316","post","type-post","status-publish","format-standard","has-post-thumbnail","hentry","category-esporte","category-macae","category-sem-categoria","tag-ginastica","tag-obras","tag-prefeitura"],"aioseo_notices":[],"_links":{"self":[{"href":"https:\/\/aconteceemmacaeeregiao.com.br\/index.php\/wp-json\/wp\/v2\/posts\/18316","targetHints":{"allow":["GET"]}}],"collection":[{"href":"https:\/\/aconteceemmacaeeregiao.com.br\/index.php\/wp-json\/wp\/v2\/posts"}],"about":[{"href":"https:\/\/aconteceemmacaeeregiao.com.br\/index.php\/wp-json\/wp\/v2\/types\/post"}],"author":[{"embeddable":true,"href":"https:\/\/aconteceemmacaeeregiao.com.br\/index.php\/wp-json\/wp\/v2\/users\/2"}],"replies":[{"embeddable":true,"href":"https:\/\/aconteceemmacaeeregiao.com.br\/index.php\/wp-json\/wp\/v2\/comments?post=18316"}],"version-history":[{"count":0,"href":"https:\/\/aconteceemmacaeeregiao.com.br\/index.php\/wp-json\/wp\/v2\/posts\/18316\/revisions"}],"wp:featuredmedia":[{"embeddable":true,"href":"https:\/\/aconteceemmacaeeregiao.com.br\/index.php\/wp-json\/wp\/v2\/media\/18319"}],"wp:attachment":[{"href":"https:\/\/aconteceemmacaeeregiao.com.br\/index.php\/wp-json\/wp\/v2\/media?parent=18316"}],"wp:term":[{"taxonomy":"category","embeddable":true,"href":"https:\/\/aconteceemmacaeeregiao.com.br\/index.php\/wp-json\/wp\/v2\/categories?post=18316"},{"taxonomy":"post_tag","embeddable":true,"href":"https:\/\/aconteceemmacaeeregiao.com.br\/index.php\/wp-json\/wp\/v2\/tags?post=18316"}],"curies":[{"name":"wp","href":"https:\/\/api.w.org\/{rel}","templated":true}]}}