{"id":18322,"date":"2024-10-09T17:58:23","date_gmt":"2024-10-09T20:58:23","guid":{"rendered":"https:\/\/aconteceemmacaeeregiao.com.br\/?p=18322"},"modified":"2024-10-09T18:00:00","modified_gmt":"2024-10-09T21:00:00","slug":"macae-oferece-239-vagas-de-emprego-em-diversas-areas","status":"publish","type":"post","link":"https:\/\/aconteceemmacaeeregiao.com.br\/index.php\/2024\/10\/09\/macae-oferece-239-vagas-de-emprego-em-diversas-areas\/","title":{"rendered":"Maca\u00e9 oferece 239 vagas de emprego em diversas \u00e1reas"},"content":{"rendered":"\n<p>A Secretaria Adjunta de Trabalho e Renda de Maca\u00e9 divulgou 239 vagas de emprego para todos os n\u00edveis de escolaridade, com oportunidades nas \u00e1reas de servi\u00e7os, petr\u00f3leo, g\u00e1s, com\u00e9rcio e beleza. A Central do Trabalhador de Maca\u00e9 est\u00e1 pronta para auxiliar tanto candidatos quanto empregadores em busca de preencher suas vagas.<\/p>\n\n\n\n<p>Os setores offshore e de servi\u00e7os concentram a maioria das vagas, incluindo oportunidades para pessoas com defici\u00eancia (PCD). Al\u00e9m do sal\u00e1rio, muitas empresas oferecem benef\u00edcios como vale transporte, cart\u00e3o alimenta\u00e7\u00e3o, plano odontol\u00f3gico, seguro de vida e cesta b\u00e1sica.<\/p>\n\n\n\n<p>As vagas em destaque incluem fun\u00e7\u00f5es como ajudante, montador de andaime, caldeireiro, assistente administrativo (PCD), pintor escalador, operador de telemarketing, entre outros. Interessados devem comparecer \u00e0 Central do Trabalhador, localizada na Avenida Nossa Senhora da Gl\u00f3ria, 1181, Praia Campista, ou acessar o portal da prefeitura para mais informa\u00e7\u00f5es e cadastro online.<\/p>\n\n\n\n<p><a href=\"https:\/\/sistemas.macae.rj.gov.br:84\/trabalhoerenda\/index\/mural\">Confira a lista completa de vagas dispon\u00edveis.<\/a><\/p>\n\n\n\n<p>Acesso para o empres\u00e1rio&nbsp;<a href=\"https:\/\/sistemas.macae.rj.gov.br:84\/trabalhoerenda\/\">cadastrar vagas de emprego<\/a>.<\/p>\n\n\n\n<p>Acesso para o trabalhador efetuar o&nbsp;<a href=\"https:\/\/sistemas.macae.rj.gov.br:84\/trabalhoerenda\/\">cadastro para vagas de emprego.<\/a><\/p>\n\n\n\n<p><strong>Dica de Emprego:<\/strong> Mantenha seu curr\u00edculo atualizado e destaque habilidades t\u00e9cnicas relevantes para a vaga, especialmente para setores como offshore. Al\u00e9m disso, atente-se aos prazos de candidatura!<\/p>\n\n\n\n<p><em><a href=\"https:\/\/www.macae.rj.gov.br\/noticias\/leitura\/noticia\/vagas-de-empregos-239-oportunidades-disponiveis\" title=\"\">Fonte Secom Pref de Maca\u00e9<\/a><\/em><\/p>\n","protected":false},"excerpt":{"rendered":"<p>A Secretaria Adjunta de Trabalho e Renda de Maca\u00e9 divulgou 239 vagas de emprego para todos os n\u00edveis de escolaridade, com oportunidades nas \u00e1reas de servi\u00e7os, petr\u00f3leo, g\u00e1s, com\u00e9rcio e beleza. A Central do Trabalhador de Maca\u00e9 est\u00e1 pronta para auxiliar tanto candidatos quanto empregadores em busca de preencher suas vagas. Os setores offshore e [&hellip;]<\/p>\n","protected":false},"author":2,"featured_media":12111,"comment_status":"closed","ping_status":"closed","sticky":false,"template":"","format":"standard","meta":{"postBodyCss":"","postBodyMargin":[],"postBodyPadding":[],"postBodyBackground":{"backgroundType":"classic","gradient":""},"footnotes":""},"categories":[73,42,1],"tags":[77,82,89,87],"class_list":["post-18322","post","type-post","status-publish","format-standard","has-post-thumbnail","hentry","category-emprego","category-macae","category-sem-categoria","tag-emprego","tag-oportunidade","tag-prefeitura","tag-vagas"],"aioseo_notices":[],"_links":{"self":[{"href":"https:\/\/aconteceemmacaeeregiao.com.br\/index.php\/wp-json\/wp\/v2\/posts\/18322","targetHints":{"allow":["GET"]}}],"collection":[{"href":"https:\/\/aconteceemmacaeeregiao.com.br\/index.php\/wp-json\/wp\/v2\/posts"}],"about":[{"href":"https:\/\/aconteceemmacaeeregiao.com.br\/index.php\/wp-json\/wp\/v2\/types\/post"}],"author":[{"embeddable":true,"href":"https:\/\/aconteceemmacaeeregiao.com.br\/index.php\/wp-json\/wp\/v2\/users\/2"}],"replies":[{"embeddable":true,"href":"https:\/\/aconteceemmacaeeregiao.com.br\/index.php\/wp-json\/wp\/v2\/comments?post=18322"}],"version-history":[{"count":0,"href":"https:\/\/aconteceemmacaeeregiao.com.br\/index.php\/wp-json\/wp\/v2\/posts\/18322\/revisions"}],"wp:featuredmedia":[{"embeddable":true,"href":"https:\/\/aconteceemmacaeeregiao.com.br\/index.php\/wp-json\/wp\/v2\/media\/12111"}],"wp:attachment":[{"href":"https:\/\/aconteceemmacaeeregiao.com.br\/index.php\/wp-json\/wp\/v2\/media?parent=18322"}],"wp:term":[{"taxonomy":"category","embeddable":true,"href":"https:\/\/aconteceemmacaeeregiao.com.br\/index.php\/wp-json\/wp\/v2\/categories?post=18322"},{"taxonomy":"post_tag","embeddable":true,"href":"https:\/\/aconteceemmacaeeregiao.com.br\/index.php\/wp-json\/wp\/v2\/tags?post=18322"}],"curies":[{"name":"wp","href":"https:\/\/api.w.org\/{rel}","templated":true}]}}