{"id":18376,"date":"2024-10-11T21:40:17","date_gmt":"2024-10-12T00:40:17","guid":{"rendered":"https:\/\/aconteceemmacaeeregiao.com.br\/?p=18376"},"modified":"2024-10-11T21:40:18","modified_gmt":"2024-10-12T00:40:18","slug":"processo-seletivo-com-152-vagas-e-realizado-pela-secretaria-de-trabalho-e-rede-dor","status":"publish","type":"post","link":"https:\/\/aconteceemmacaeeregiao.com.br\/index.php\/2024\/10\/11\/processo-seletivo-com-152-vagas-e-realizado-pela-secretaria-de-trabalho-e-rede-dor\/","title":{"rendered":"Processo Seletivo com 152 Vagas \u00e9 Realizado pela Secretaria de Trabalho e Rede D&#8217;Or"},"content":{"rendered":"\n<p>A Secretaria Adjunta de Trabalho e Renda, em parceria com a Rede D&#8217;Or, est\u00e1 realizando um processo seletivo para preencher 152 vagas de emprego. As entrevistas come\u00e7am na pr\u00f3xima ter\u00e7a-feira (15) e seguem at\u00e9 sexta-feira (18), sempre das 8h \u00e0s 17h, na sede da Secretaria, localizada no Edif\u00edcio Comercial Lotus Offices, Avenida Nossa Sra. da Gl\u00f3ria, 1181, Praia Campista.<\/p>\n\n\n\n<p>Entre as oportunidades est\u00e3o 140 vagas para Auxiliar de Servi\u00e7os Gerais, 10 para L\u00edder de Limpeza, uma para T\u00e9cnico de Seguran\u00e7a do Trabalho e uma para Supervisor. Os interessados devem comparecer ao local levando documento de identifica\u00e7\u00e3o com foto, CPF, comprovante de resid\u00eancia e Carteira de Trabalho.<\/p>\n\n\n\n<p>Al\u00e9m dos benef\u00edcios, os candidatos selecionados tamb\u00e9m passar\u00e3o por um treinamento. Para mais informa\u00e7\u00f5es, o telefone para contato \u00e9 (22) 2763-6344.<\/p>\n\n\n\n<p><strong>Dica:<\/strong> Chegue cedo para garantir uma boa posi\u00e7\u00e3o na fila e verifique se a documenta\u00e7\u00e3o est\u00e1 completa antes de sair de casa.<\/p>\n\n\n\n<p><em>Fonte Secom Pref de Maca\u00e9<\/em><\/p>\n","protected":false},"excerpt":{"rendered":"<p>A Secretaria Adjunta de Trabalho e Renda, em parceria com a Rede D&#8217;Or, est\u00e1 realizando um processo seletivo para preencher 152 vagas de emprego. As entrevistas come\u00e7am na pr\u00f3xima ter\u00e7a-feira (15) e seguem at\u00e9 sexta-feira (18), sempre das 8h \u00e0s 17h, na sede da Secretaria, localizada no Edif\u00edcio Comercial Lotus Offices, Avenida Nossa Sra. da [&hellip;]<\/p>\n","protected":false},"author":2,"featured_media":18377,"comment_status":"closed","ping_status":"closed","sticky":false,"template":"","format":"standard","meta":{"postBodyCss":"","postBodyMargin":[],"postBodyPadding":[],"postBodyBackground":{"backgroundType":"classic","gradient":""},"footnotes":""},"categories":[73,42],"tags":[77,82,89,87],"class_list":["post-18376","post","type-post","status-publish","format-standard","has-post-thumbnail","hentry","category-emprego","category-macae","tag-emprego","tag-oportunidade","tag-prefeitura","tag-vagas"],"aioseo_notices":[],"_links":{"self":[{"href":"https:\/\/aconteceemmacaeeregiao.com.br\/index.php\/wp-json\/wp\/v2\/posts\/18376","targetHints":{"allow":["GET"]}}],"collection":[{"href":"https:\/\/aconteceemmacaeeregiao.com.br\/index.php\/wp-json\/wp\/v2\/posts"}],"about":[{"href":"https:\/\/aconteceemmacaeeregiao.com.br\/index.php\/wp-json\/wp\/v2\/types\/post"}],"author":[{"embeddable":true,"href":"https:\/\/aconteceemmacaeeregiao.com.br\/index.php\/wp-json\/wp\/v2\/users\/2"}],"replies":[{"embeddable":true,"href":"https:\/\/aconteceemmacaeeregiao.com.br\/index.php\/wp-json\/wp\/v2\/comments?post=18376"}],"version-history":[{"count":0,"href":"https:\/\/aconteceemmacaeeregiao.com.br\/index.php\/wp-json\/wp\/v2\/posts\/18376\/revisions"}],"wp:featuredmedia":[{"embeddable":true,"href":"https:\/\/aconteceemmacaeeregiao.com.br\/index.php\/wp-json\/wp\/v2\/media\/18377"}],"wp:attachment":[{"href":"https:\/\/aconteceemmacaeeregiao.com.br\/index.php\/wp-json\/wp\/v2\/media?parent=18376"}],"wp:term":[{"taxonomy":"category","embeddable":true,"href":"https:\/\/aconteceemmacaeeregiao.com.br\/index.php\/wp-json\/wp\/v2\/categories?post=18376"},{"taxonomy":"post_tag","embeddable":true,"href":"https:\/\/aconteceemmacaeeregiao.com.br\/index.php\/wp-json\/wp\/v2\/tags?post=18376"}],"curies":[{"name":"wp","href":"https:\/\/api.w.org\/{rel}","templated":true}]}}