{"id":18392,"date":"2024-10-15T20:59:31","date_gmt":"2024-10-15T23:59:31","guid":{"rendered":"https:\/\/aconteceemmacaeeregiao.com.br\/?p=18392"},"modified":"2024-10-15T20:59:32","modified_gmt":"2024-10-15T23:59:32","slug":"mes-das-criancas-golden-tulip-macae-oferece-diversao-para-a-familia-em-outubro","status":"publish","type":"post","link":"https:\/\/aconteceemmacaeeregiao.com.br\/index.php\/2024\/10\/15\/mes-das-criancas-golden-tulip-macae-oferece-diversao-para-a-familia-em-outubro\/","title":{"rendered":"M\u00eas das Crian\u00e7as: Golden Tulip Maca\u00e9 oferece divers\u00e3o para a fam\u00edlia em outubro"},"content":{"rendered":"\n<p>O hotel Golden Tulip Maca\u00e9, da rede Louvre Hotels Group \u2013 Brazil, preparou uma programa\u00e7\u00e3o especial para o M\u00eas das Crian\u00e7as, com atividades gratuitas nos pr\u00f3ximos s\u00e1bados de outubro (19 e 26), das 17h \u00e0s 19h. Entre as atra\u00e7\u00f5es est\u00e3o um camarim de pintura <a href=\"https:\/\/aconteceemmacaeeregiao.com.br\/index.php\/2024\/05\/17\/show-na-praia-e-exposicao-artistica-em-cabo-frio\/\" title=\"Show na praia e exposi\u00e7\u00e3o art\u00edstica em Cabo Frio\">art\u00edstica<\/a> e uma oficina de pintura em kraft, ideais para entreter os pequenos, e desenvolvidas por profissionais especializados. As atividades s\u00e3o abertas ao p\u00fablico, tanto para h\u00f3spedes quanto para visitantes externos.<\/p>\n\n\n\n<p>Segundo o gerente geral, M\u00e1rcio Delgado, al\u00e9m de homenagear as crian\u00e7as, a iniciativa celebra os cinco anos de opera\u00e7\u00e3o do hotel, oferecendo momentos de lazer em um ambiente descontra\u00eddo e familiar.<\/p>\n\n\n\n<p>Dica: Aproveitar eventos como esse \u00e9 uma \u00f3tima forma de estimular a criatividade das crian\u00e7as, al\u00e9m de ser uma op\u00e7\u00e3o segura e divertida para os fins de semana em fam\u00edlia.<\/p>\n\n\n\n<p><strong>Servi\u00e7o:<\/strong><\/p>\n\n\n\n<p><strong>Golden&nbsp;Tulip&nbsp;Maca\u00e9<\/strong><\/p>\n\n\n\n<p><strong>M\u00eas das Crian\u00e7as<\/strong><\/p>\n\n\n\n<p><strong>Dias:&nbsp;<\/strong>19 e 26 de outubro (s\u00e1bados)<\/p>\n\n\n\n<p><strong>Hor\u00e1rio:&nbsp;<\/strong>das 17h \u00e0s 19h<\/p>\n\n\n\n<p><strong>Endere\u00e7o:<\/strong>&nbsp;Av. Elias Agostinho, 250 &#8211; Praia de Imbetiba,&nbsp;Maca\u00e9&nbsp;&#8211; RJ<\/p>\n\n\n\n<p><strong>Telefone:<\/strong>&nbsp;(22) 2796-5300<\/p>\n\n\n\n<p><strong>Reservas:&nbsp;<\/strong><a href=\"mailto:gtm.reservas@goldentulip.com.br\">gtm.reservas@goldentulip.com.br<\/a><\/p>\n\n\n\n<p><strong>Site:<\/strong>&nbsp;<a href=\"https:\/\/macae.goldentulip.com\/\" target=\"_blank\" rel=\"noreferrer noopener\">https:\/\/macae.goldentulip.com\/<\/a><\/p>\n\n\n\n<p><strong>Redes sociais:&nbsp;<\/strong>@goldentulipmacae<\/p>\n\n\n\n<p><strong>Investimento:<\/strong>&nbsp;A partir de R$ 30,00<\/p>\n\n\n\n<p><em>Fonte Ascomm Golden\u00a0Tulip\u00a0Maca\u00e9<\/em><\/p>\n","protected":false},"excerpt":{"rendered":"<p>O hotel Golden Tulip Maca\u00e9, da rede Louvre Hotels Group \u2013 Brazil, preparou uma programa\u00e7\u00e3o especial para o M\u00eas das Crian\u00e7as, com atividades gratuitas nos pr\u00f3ximos s\u00e1bados de outubro (19 e 26), das 17h \u00e0s 19h. Entre as atra\u00e7\u00f5es est\u00e3o um camarim de pintura art\u00edstica e uma oficina de pintura em kraft, ideais para entreter [&hellip;]<\/p>\n","protected":false},"author":2,"featured_media":18393,"comment_status":"closed","ping_status":"closed","sticky":false,"template":"","format":"standard","meta":{"postBodyCss":"","postBodyMargin":[],"postBodyPadding":[],"postBodyBackground":{"backgroundType":"classic","gradient":""},"footnotes":""},"categories":[46,200,42],"tags":[214,241,782,240],"class_list":["post-18392","post","type-post","status-publish","format-standard","has-post-thumbnail","hentry","category-diversao","category-evento","category-macae","tag-artes","tag-criancas","tag-dia-da-crianca","tag-praia-de-imbetiba"],"aioseo_notices":[],"_links":{"self":[{"href":"https:\/\/aconteceemmacaeeregiao.com.br\/index.php\/wp-json\/wp\/v2\/posts\/18392","targetHints":{"allow":["GET"]}}],"collection":[{"href":"https:\/\/aconteceemmacaeeregiao.com.br\/index.php\/wp-json\/wp\/v2\/posts"}],"about":[{"href":"https:\/\/aconteceemmacaeeregiao.com.br\/index.php\/wp-json\/wp\/v2\/types\/post"}],"author":[{"embeddable":true,"href":"https:\/\/aconteceemmacaeeregiao.com.br\/index.php\/wp-json\/wp\/v2\/users\/2"}],"replies":[{"embeddable":true,"href":"https:\/\/aconteceemmacaeeregiao.com.br\/index.php\/wp-json\/wp\/v2\/comments?post=18392"}],"version-history":[{"count":0,"href":"https:\/\/aconteceemmacaeeregiao.com.br\/index.php\/wp-json\/wp\/v2\/posts\/18392\/revisions"}],"wp:featuredmedia":[{"embeddable":true,"href":"https:\/\/aconteceemmacaeeregiao.com.br\/index.php\/wp-json\/wp\/v2\/media\/18393"}],"wp:attachment":[{"href":"https:\/\/aconteceemmacaeeregiao.com.br\/index.php\/wp-json\/wp\/v2\/media?parent=18392"}],"wp:term":[{"taxonomy":"category","embeddable":true,"href":"https:\/\/aconteceemmacaeeregiao.com.br\/index.php\/wp-json\/wp\/v2\/categories?post=18392"},{"taxonomy":"post_tag","embeddable":true,"href":"https:\/\/aconteceemmacaeeregiao.com.br\/index.php\/wp-json\/wp\/v2\/tags?post=18392"}],"curies":[{"name":"wp","href":"https:\/\/api.w.org\/{rel}","templated":true}]}}