{"id":18401,"date":"2024-10-15T21:27:20","date_gmt":"2024-10-16T00:27:20","guid":{"rendered":"https:\/\/aconteceemmacaeeregiao.com.br\/?p=18401"},"modified":"2024-10-15T21:51:28","modified_gmt":"2024-10-16T00:51:28","slug":"senac-rj-abre-inscricoes-para-cursos-de-qualificacao-no-noroeste-fluminense","status":"publish","type":"post","link":"https:\/\/aconteceemmacaeeregiao.com.br\/index.php\/2024\/10\/15\/senac-rj-abre-inscricoes-para-cursos-de-qualificacao-no-noroeste-fluminense\/","title":{"rendered":"Senac RJ abre inscri\u00e7\u00f5es para cursos de qualifica\u00e7\u00e3o no Noroeste Fluminense"},"content":{"rendered":"\n<p><em><strong>Em Itaperuna h\u00e1 op\u00e7\u00f5es nas \u00e1reas de TI e inform\u00e1tica, marketing digital, sa\u00fade e beleza. Na unidade Senac Santo Ant\u00f4nio de P\u00e1dua, os cursos ofertados s\u00e3o os das \u00e1reas de beleza e sa\u00fade. O in\u00edcio das turmas est\u00e1 previsto para os meses de outubro e novembro.<\/strong><\/em><\/p>\n\n\n\n<p>O Senac RJ est\u00e1 com inscri\u00e7\u00f5es abertas para cursos de capacita\u00e7\u00e3o profissional em suas unidades de Itaperuna e Santo Ant\u00f4nio de P\u00e1dua, no Noroeste Fluminense. As aulas come\u00e7am entre outubro e novembro, com descontos e condi\u00e7\u00f5es especiais de parcelamento para os inscritos. As \u00e1reas de destaque incluem TI, inform\u00e1tica, marketing digital, sa\u00fade e beleza, oferecendo oportunidades pr\u00e1ticas em laborat\u00f3rios modernos.<\/p>\n\n\n\n<p>Para mais informa\u00e7\u00f5es, os interessados podem entrar em contato com as unidades:<\/p>\n\n\n\n<ul class=\"wp-block-list\">\n<li>Itaperuna: (21) 97375-0988 | (21) 99613-9519<\/li>\n\n\n\n<li>Santo Ant\u00f4nio de P\u00e1dua: (22) 97602-1094 | WhatsApp (21) 99613-9519<\/li>\n<\/ul>\n\n\n\n<p><strong>Dica de carreira:<\/strong> Fazer cursos profissionalizantes \u00e9 uma \u00f3tima maneira de se destacar no mercado de trabalho e aumentar suas chances de empregabilidade.<\/p>\n\n\n\n<p><strong><u>Servi\u00e7o:<\/u><\/strong><\/p>\n\n\n\n<p><strong><u>Senac RJ Itaperuna<\/u><\/strong><\/p>\n\n\n\n<p>Avenida Presidente Dutra, 527 &#8211; Cidade Nova | (21) 97375-0988 e (21) 99613-9519<br>&nbsp;<\/p>\n\n\n\n<p><strong><u>Cursos comerciais<\/u><\/strong><\/p>\n\n\n\n<p><strong>Inform\u00e1tica Fundamental<\/strong><\/p>\n\n\n\n<p>In\u00edcio: 14\/10\/2024 | Aulas \u00e0s segundas e ter\u00e7as das 18 \u00e0s 22h<\/p>\n\n\n\n<p><strong>Alongamento de C\u00edlios<\/strong><\/p>\n\n\n\n<p>In\u00edcio: 15\/10\/2024 | Aulas \u00e0s ter\u00e7as das 13 \u00e0s 17h<\/p>\n\n\n\n<p><strong>Marketing Digital<\/strong><\/p>\n\n\n\n<p>In\u00edcio: 16\/10\/2024 | Aulas \u00e0s quartas das 18 \u00e0s 22h<\/p>\n\n\n\n<p><strong>Cabeleireiro<\/strong><\/p>\n\n\n\n<p>In\u00edcio: 22\/10\/2024 | Aulas \u00e0s ter\u00e7as e quintas das 18 \u00e0s 22h<\/p>\n\n\n\n<p><strong>Especializa\u00e7\u00e3o T\u00e9cnica em Instrumenta\u00e7\u00e3o Cir\u00fargica<\/strong><\/p>\n\n\n\n<p>In\u00edcio: 22\/10\/2024 | Aulas \u00e0s ter\u00e7as e Sextas, das 18 \u00e0s 22h<\/p>\n\n\n\n<p><strong>Design de Sobrancelhas<\/strong><\/p>\n\n\n\n<p>In\u00edcio: 28\/10\/2024 | Aulas \u00e0s segundas das 13 \u00e0s 17h<\/p>\n\n\n\n<p><br><strong><u>Senac RJ Santo Ant\u00f4nio de P\u00e1dua<\/u><\/strong><\/p>\n\n\n\n<p>Rua Anacleto Alvim Padilha, 243 &#8211; Centro &#8211; (22) 97602-1094 e WhatsApp (21) 99613-9519<br><br><strong><u>Cursos comerciais<\/u><\/strong><\/p>\n\n\n\n<p><strong>Cabeleireiro<\/strong><br>In\u00edcio: 28\/10\/2024 | Aulas \u00e0s segundas e ter\u00e7as, das 18 \u00e0s 22h<\/p>\n\n\n\n<p><strong>T\u00e9cnico em Enfermagem<\/strong><br>In\u00edcio: 28\/10\/2024 | Aulas de segunda \u00e0 sexta, das 08 \u00e0s 12h<\/p>\n\n\n\n<p><strong>Design de Sobrancelhas<\/strong><br>In\u00edcio: 06\/11\/2024 | Aulas \u00e0s quartas, das 18 \u00e0s 22h<\/p>\n\n\n\n<p><strong>Especializa\u00e7\u00e3o T\u00e9cnica em Instrumenta\u00e7\u00e3o Cir\u00fargica<\/strong><br>In\u00edcio: 09\/11\/2024 | Aulas aos s\u00e1bados, das 08 \u00e0s 12h<br><br><strong>Alongamento de C\u00edlios<\/strong><br>In\u00edcio: 11\/11\/2024 | Aulas \u00e0s segundas, das 13 \u00e0s 17h<\/p>\n\n\n\n<p><em>Fonte Ascom Senac<\/em><\/p>\n\n\n\n<p><\/p>\n","protected":false},"excerpt":{"rendered":"<p>Em Itaperuna h\u00e1 op\u00e7\u00f5es nas \u00e1reas de TI e inform\u00e1tica, marketing digital, sa\u00fade e beleza. Na unidade Senac Santo Ant\u00f4nio de P\u00e1dua, os cursos ofertados s\u00e3o os das \u00e1reas de beleza e sa\u00fade. O in\u00edcio das turmas est\u00e1 previsto para os meses de outubro e novembro. O Senac RJ est\u00e1 com inscri\u00e7\u00f5es abertas para cursos [&hellip;]<\/p>\n","protected":false},"author":2,"featured_media":18405,"comment_status":"closed","ping_status":"closed","sticky":false,"template":"","format":"standard","meta":{"postBodyCss":"","postBodyMargin":[],"postBodyPadding":[],"postBodyBackground":{"backgroundType":"classic","gradient":""},"footnotes":""},"categories":[61,43,1],"tags":[132,255,82,571,293],"class_list":["post-18401","post","type-post","status-publish","format-standard","has-post-thumbnail","hentry","category-educacao","category-regiao","category-sem-categoria","tag-cursos-gratuitos","tag-norte-fluminense","tag-oportunidade","tag-qualificacao","tag-senac"],"aioseo_notices":[],"_links":{"self":[{"href":"https:\/\/aconteceemmacaeeregiao.com.br\/index.php\/wp-json\/wp\/v2\/posts\/18401","targetHints":{"allow":["GET"]}}],"collection":[{"href":"https:\/\/aconteceemmacaeeregiao.com.br\/index.php\/wp-json\/wp\/v2\/posts"}],"about":[{"href":"https:\/\/aconteceemmacaeeregiao.com.br\/index.php\/wp-json\/wp\/v2\/types\/post"}],"author":[{"embeddable":true,"href":"https:\/\/aconteceemmacaeeregiao.com.br\/index.php\/wp-json\/wp\/v2\/users\/2"}],"replies":[{"embeddable":true,"href":"https:\/\/aconteceemmacaeeregiao.com.br\/index.php\/wp-json\/wp\/v2\/comments?post=18401"}],"version-history":[{"count":0,"href":"https:\/\/aconteceemmacaeeregiao.com.br\/index.php\/wp-json\/wp\/v2\/posts\/18401\/revisions"}],"wp:featuredmedia":[{"embeddable":true,"href":"https:\/\/aconteceemmacaeeregiao.com.br\/index.php\/wp-json\/wp\/v2\/media\/18405"}],"wp:attachment":[{"href":"https:\/\/aconteceemmacaeeregiao.com.br\/index.php\/wp-json\/wp\/v2\/media?parent=18401"}],"wp:term":[{"taxonomy":"category","embeddable":true,"href":"https:\/\/aconteceemmacaeeregiao.com.br\/index.php\/wp-json\/wp\/v2\/categories?post=18401"},{"taxonomy":"post_tag","embeddable":true,"href":"https:\/\/aconteceemmacaeeregiao.com.br\/index.php\/wp-json\/wp\/v2\/tags?post=18401"}],"curies":[{"name":"wp","href":"https:\/\/api.w.org\/{rel}","templated":true}]}}