{"id":18424,"date":"2024-10-16T20:43:20","date_gmt":"2024-10-16T23:43:20","guid":{"rendered":"https:\/\/aconteceemmacaeeregiao.com.br\/?p=18424"},"modified":"2024-10-16T20:45:12","modified_gmt":"2024-10-16T23:45:12","slug":"18424","status":"publish","type":"post","link":"https:\/\/aconteceemmacaeeregiao.com.br\/index.php\/2024\/10\/16\/18424\/","title":{"rendered":""},"content":{"rendered":"\n<p><strong>Obras na Estrada do Sana Avan\u00e7am com Pavimenta\u00e7\u00e3o e Drenagem<\/strong><\/p>\n\n\n\n<p>As obras de pavimenta\u00e7\u00e3o e drenagem na Estrada do Sana est\u00e3o em ritmo acelerado. O projeto abrange 6,59 km do Portal do Sana ao Arraial do Sana, 6,36 km do Arraial \u00e0 Cabeceira do <a href=\"https:\/\/aconteceemmacaeeregiao.com.br\/index.php\/2024\/10\/09\/polo-de-artesanato-celebra-o-mes-das-criancas-com-feira-especial\/\" title=\"Polo de Artesanato celebra o m\u00eas das crian\u00e7as com feira especial\">Sana<\/a>, e a recupera\u00e7\u00e3o de 1,39 km de pavimenta\u00e7\u00e3o em paralelep\u00edpedo no Arraial. A drenagem visa canalizar as \u00e1guas pluviais, evitando danos \u00e0 estrada e acidentes.<\/p>\n\n\n\n<p>Segundo o secret\u00e1rio adjunto Felipe Bastos, a obra, aguardada pela popula\u00e7\u00e3o, impulsionar\u00e1 o turismo local. Como compensa\u00e7\u00e3o ambiental, ser\u00e3o plantadas mais de 500 esp\u00e9cies nativas na APA do Sana.<\/p>\n\n\n\n<p><strong>Detalhes da obra:<\/strong><\/p>\n\n\n\n<p>Extens\u00e3o da obra: 14,34 Km<\/p>\n\n\n\n<p>Trecho 1: 6,59 Km<\/p>\n\n\n\n<p>Asfalto \/ Bidem: 3,00 Km<\/p>\n\n\n\n<p>Drenagem: 880 metros de tubula\u00e7\u00e3o<\/p>\n\n\n\n<p>Meio-fio: 6,00 Km<\/p>\n\n\n\n<p>Canaleta de 80 cm: 450 metros<\/p>\n\n\n\n<p>Cortina 1: em execu\u00e7\u00e3o<\/p>\n\n\n\n<p>Cortina 2: pronta<\/p>\n\n\n\n<p>Cortina 3: em execu\u00e7\u00e3o<\/p>\n\n\n\n<p>Cortina 4: pronta<\/p>\n\n\n\n<p>Alargamento 1: em execu\u00e7\u00e3o<\/p>\n\n\n\n<p>Grama: 7.000 M\u00b2<\/p>\n\n\n\n<p>Talude: 1.500 metros<\/p>\n\n\n\n<p>Material transportado: 620.000 Toneladas X Km<\/p>\n\n\n\n<p>Trecho 3: 6,36 Km (come\u00e7ou no dia 30\/09\/24)<\/p>\n\n\n\n<p>Talude: 150 metros<\/p>\n\n\n\n<p><em><a href=\"https:\/\/www.macae.rj.gov.br\/noticias\/leitura\/noticia\/obras-na-estrada-do-sana-em-ritmo-acelerado\" title=\"\">Fonte Secom Pref de Maca\u00e9<\/a><\/em><\/p>\n","protected":false},"excerpt":{"rendered":"<p>Obras na Estrada do Sana Avan\u00e7am com Pavimenta\u00e7\u00e3o e Drenagem As obras de pavimenta\u00e7\u00e3o e drenagem na Estrada do Sana est\u00e3o em ritmo acelerado. O projeto abrange 6,59 km do Portal do Sana ao Arraial do Sana, 6,36 km do Arraial \u00e0 Cabeceira do Sana, e a recupera\u00e7\u00e3o de 1,39 km de pavimenta\u00e7\u00e3o em paralelep\u00edpedo [&hellip;]<\/p>\n","protected":false},"author":2,"featured_media":18425,"comment_status":"closed","ping_status":"closed","sticky":false,"template":"","format":"standard","meta":{"postBodyCss":"","postBodyMargin":[],"postBodyPadding":[],"postBodyBackground":{"backgroundType":"classic","gradient":""},"footnotes":""},"categories":[42],"tags":[59,417,418],"class_list":["post-18424","post","type-post","status-publish","format-standard","has-post-thumbnail","hentry","category-macae","tag-obras","tag-regiao-serrana","tag-sana"],"aioseo_notices":[],"_links":{"self":[{"href":"https:\/\/aconteceemmacaeeregiao.com.br\/index.php\/wp-json\/wp\/v2\/posts\/18424","targetHints":{"allow":["GET"]}}],"collection":[{"href":"https:\/\/aconteceemmacaeeregiao.com.br\/index.php\/wp-json\/wp\/v2\/posts"}],"about":[{"href":"https:\/\/aconteceemmacaeeregiao.com.br\/index.php\/wp-json\/wp\/v2\/types\/post"}],"author":[{"embeddable":true,"href":"https:\/\/aconteceemmacaeeregiao.com.br\/index.php\/wp-json\/wp\/v2\/users\/2"}],"replies":[{"embeddable":true,"href":"https:\/\/aconteceemmacaeeregiao.com.br\/index.php\/wp-json\/wp\/v2\/comments?post=18424"}],"version-history":[{"count":0,"href":"https:\/\/aconteceemmacaeeregiao.com.br\/index.php\/wp-json\/wp\/v2\/posts\/18424\/revisions"}],"wp:featuredmedia":[{"embeddable":true,"href":"https:\/\/aconteceemmacaeeregiao.com.br\/index.php\/wp-json\/wp\/v2\/media\/18425"}],"wp:attachment":[{"href":"https:\/\/aconteceemmacaeeregiao.com.br\/index.php\/wp-json\/wp\/v2\/media?parent=18424"}],"wp:term":[{"taxonomy":"category","embeddable":true,"href":"https:\/\/aconteceemmacaeeregiao.com.br\/index.php\/wp-json\/wp\/v2\/categories?post=18424"},{"taxonomy":"post_tag","embeddable":true,"href":"https:\/\/aconteceemmacaeeregiao.com.br\/index.php\/wp-json\/wp\/v2\/tags?post=18424"}],"curies":[{"name":"wp","href":"https:\/\/api.w.org\/{rel}","templated":true}]}}