{"id":18468,"date":"2024-10-22T18:03:20","date_gmt":"2024-10-22T21:03:20","guid":{"rendered":"https:\/\/aconteceemmacaeeregiao.com.br\/?p=18468"},"modified":"2024-10-22T18:03:21","modified_gmt":"2024-10-22T21:03:21","slug":"show-da-escolinha-chega-a-sao-pedro-da-aldeia","status":"publish","type":"post","link":"https:\/\/aconteceemmacaeeregiao.com.br\/index.php\/2024\/10\/22\/show-da-escolinha-chega-a-sao-pedro-da-aldeia\/","title":{"rendered":"&#8220;Show da Escolinha&#8221; chega a S\u00e3o Pedro da Aldeia"},"content":{"rendered":"\n<p><em><strong>Ap\u00f3s sucesso de p\u00fablico no Recreio e Duque de Caxias, espet\u00e1culo vai para a regi\u00e3o dos Lagos<\/strong><\/em><\/p>\n\n\n\n<p>No dia\u00a0<strong>25 de outubro de 2024,<\/strong>\u00a0o p\u00fablico de<a href=\"https:\/\/aconteceemmacaeeregiao.com.br\/index.php\/2024\/01\/15\/ciee-macae-abre-vagas-em-sao-pedro-da-aldeia-e-rio-das-ostras\/\" title=\"CIEE Maca\u00e9 abre vagas em S\u00e3o Pedro da Aldeia e Rio das Ostras\"> S\u00e3o Pedro da Aldeia<\/a> poder\u00e1 reviver o humor cl\u00e1ssico da &#8220;Escolinha do Professor Raymundo&#8221; no Teatro Dr. \u00c1tila Costa, na Vila S\u00e3o Pedro. Conquistando o p\u00fablico por onde passa, o espet\u00e1culo &#8220;Show da Escolinha&#8221;, estrelado por Andr\u00e9 Lucas, filho do lend\u00e1rio humorista Chico Anysio, ganha nova apresenta\u00e7\u00e3o, agora para os moradores da Regi\u00e3o dos Lagos. Classifica\u00e7\u00e3o: a partir de 12 anos. Vendas pela plataforma Sympla.<\/p>\n\n\n\n<p>Com dire\u00e7\u00e3o de Tininha Ara\u00fajo, que tem quase 40 anos de carreira, a pe\u00e7a \u00e9 uma homenagem ao humor brasileiro e ao legado deixado por Chico Anysio. Andr\u00e9 Lucas, que fez parte do elenco original da Escolinha, d\u00e1 vida a personagens inesquec\u00edveis como o divertido Seu Aranha e o ic\u00f4nico Professor Raymundo, imortalizado por seu pai. A apresenta\u00e7\u00e3o contar\u00e1 ainda com a participa\u00e7\u00e3o especial de Chico Anysio, in memoriam, por meio de v\u00eddeos, garantindo a presen\u00e7a da ess\u00eancia do humorista no palco.<\/p>\n\n\n\n<p>Al\u00e9m de Andr\u00e9 Lucas, o espet\u00e1culo conta com um elenco de peso, incluindo Diogo Bonfim, Thiago Chagas, Dani Fontenelle e Miguel Marques, todos reconhecidos por seu talento no humor e no teatro. A produ\u00e7\u00e3o \u00e9 assinada por L\u00e9o Gama, da Gama Produ\u00e7\u00e3o.<\/p>\n\n\n<div class=\"wp-block-image\">\n<figure class=\"aligncenter size-large\"><img fetchpriority=\"high\" decoding=\"async\" width=\"1024\" height=\"473\" src=\"https:\/\/aconteceemmacaeeregiao.com.br\/wp-content\/uploads\/2024\/10\/Show-da-Escolinha_em-cena1-1024x473.jpg\" alt=\"\" class=\"wp-image-18469\" srcset=\"https:\/\/aconteceemmacaeeregiao.com.br\/wp-content\/uploads\/2024\/10\/Show-da-Escolinha_em-cena1-1024x473.jpg 1024w, https:\/\/aconteceemmacaeeregiao.com.br\/wp-content\/uploads\/2024\/10\/Show-da-Escolinha_em-cena1-300x139.jpg 300w, https:\/\/aconteceemmacaeeregiao.com.br\/wp-content\/uploads\/2024\/10\/Show-da-Escolinha_em-cena1-768x355.jpg 768w, https:\/\/aconteceemmacaeeregiao.com.br\/wp-content\/uploads\/2024\/10\/Show-da-Escolinha_em-cena1.jpg 1280w\" sizes=\"(max-width: 1024px) 100vw, 1024px\" \/><\/figure>\n<\/div>\n\n\n<p>Os ingressos para a apresenta\u00e7\u00e3o no Teatro Dr. \u00c1tila Costa j\u00e1 est\u00e3o dispon\u00edveis, com pre\u00e7os promocionais de R$ 30,00 para compras antecipadas.<\/p>\n\n\n\n<p><strong>Servi\u00e7o:<\/strong><\/p>\n\n\n\n<p><strong>Espet\u00e1culo: Show da Escolinha &#8211; Homenagem a Chico Anysio<\/strong><\/p>\n\n\n\n<p><strong>Data:<\/strong>&nbsp;25 de outubro de 2024 (sexta-feira)<\/p>\n\n\n\n<p><strong>Hor\u00e1rio:<\/strong>&nbsp;21h<\/p>\n\n\n\n<p><strong>Local:<\/strong>&nbsp;Teatro Dr. \u00c1tila Costa<\/p>\n\n\n\n<p><strong>Ingressos<\/strong>: R$ 70 (inteira), R$ 35 (meia), R$ 30 (promocional antecipado)<\/p>\n\n\n\n<p><strong>Vendas:<\/strong>&nbsp;&nbsp;<a href=\"https:\/\/bileto.sympla.com.br\/event\/97550\/d\/274215\/s\/1873668\" target=\"_blank\" rel=\"noreferrer noopener\">https:\/\/bileto.sympla.com.br\/event\/97550\/d\/274215\/s\/1873668<\/a><\/p>\n\n\n\n<p><strong>Endere\u00e7o: Rua Francisco Santos Silva, 555 &#8211; Vila S\u00e3o Pedro, S\u00e3o Pedro da Aldeia<\/strong><\/p>\n","protected":false},"excerpt":{"rendered":"<p>Ap\u00f3s sucesso de p\u00fablico no Recreio e Duque de Caxias, espet\u00e1culo vai para a regi\u00e3o dos Lagos No dia\u00a025 de outubro de 2024,\u00a0o p\u00fablico de S\u00e3o Pedro da Aldeia poder\u00e1 reviver o humor cl\u00e1ssico da &#8220;Escolinha do Professor Raymundo&#8221; no Teatro Dr. \u00c1tila Costa, na Vila S\u00e3o Pedro. Conquistando o p\u00fablico por onde passa, o [&hellip;]<\/p>\n","protected":false},"author":2,"featured_media":18470,"comment_status":"closed","ping_status":"closed","sticky":false,"template":"","format":"standard","meta":{"postBodyCss":"","postBodyMargin":[],"postBodyPadding":[],"postBodyBackground":{"backgroundType":"classic","gradient":""},"footnotes":""},"categories":[86,46,43,420],"tags":[83],"class_list":["post-18468","post","type-post","status-publish","format-standard","has-post-thumbnail","hentry","category-cultura","category-diversao","category-regiao","category-sao-pedro-da-aldeia","tag-teatro"],"aioseo_notices":[],"_links":{"self":[{"href":"https:\/\/aconteceemmacaeeregiao.com.br\/index.php\/wp-json\/wp\/v2\/posts\/18468","targetHints":{"allow":["GET"]}}],"collection":[{"href":"https:\/\/aconteceemmacaeeregiao.com.br\/index.php\/wp-json\/wp\/v2\/posts"}],"about":[{"href":"https:\/\/aconteceemmacaeeregiao.com.br\/index.php\/wp-json\/wp\/v2\/types\/post"}],"author":[{"embeddable":true,"href":"https:\/\/aconteceemmacaeeregiao.com.br\/index.php\/wp-json\/wp\/v2\/users\/2"}],"replies":[{"embeddable":true,"href":"https:\/\/aconteceemmacaeeregiao.com.br\/index.php\/wp-json\/wp\/v2\/comments?post=18468"}],"version-history":[{"count":0,"href":"https:\/\/aconteceemmacaeeregiao.com.br\/index.php\/wp-json\/wp\/v2\/posts\/18468\/revisions"}],"wp:featuredmedia":[{"embeddable":true,"href":"https:\/\/aconteceemmacaeeregiao.com.br\/index.php\/wp-json\/wp\/v2\/media\/18470"}],"wp:attachment":[{"href":"https:\/\/aconteceemmacaeeregiao.com.br\/index.php\/wp-json\/wp\/v2\/media?parent=18468"}],"wp:term":[{"taxonomy":"category","embeddable":true,"href":"https:\/\/aconteceemmacaeeregiao.com.br\/index.php\/wp-json\/wp\/v2\/categories?post=18468"},{"taxonomy":"post_tag","embeddable":true,"href":"https:\/\/aconteceemmacaeeregiao.com.br\/index.php\/wp-json\/wp\/v2\/tags?post=18468"}],"curies":[{"name":"wp","href":"https:\/\/api.w.org\/{rel}","templated":true}]}}