{"id":18490,"date":"2024-10-24T16:52:53","date_gmt":"2024-10-24T19:52:53","guid":{"rendered":"https:\/\/aconteceemmacaeeregiao.com.br\/?p=18490"},"modified":"2024-10-24T16:55:49","modified_gmt":"2024-10-24T19:55:49","slug":"rio-macae-pode-ser-declarado-como-area-estadual-de-interesse-turistico","status":"publish","type":"post","link":"https:\/\/aconteceemmacaeeregiao.com.br\/index.php\/2024\/10\/24\/rio-macae-pode-ser-declarado-como-area-estadual-de-interesse-turistico\/","title":{"rendered":"Rio Maca\u00e9 pode ser declarado como \u00c1rea Estadual de Interesse Tur\u00edstico"},"content":{"rendered":"\n<p>O Rio Maca\u00e9 est\u00e1 prestes a receber o t\u00edtulo de \u00c1rea Estadual de Interesse Tur\u00edstico (AEIT) atrav\u00e9s do Projeto de Lei 6.015\/22, aprovado em primeira vota\u00e7\u00e3o na <a href=\"https:\/\/aconteceemmacaeeregiao.com.br\/index.php\/2024\/04\/18\/propostas-de-protecao-a-gestante-nas-policias-civil-e-militar-avancam-na-alerj\/\" title=\"Propostas de prote\u00e7\u00e3o \u00e0 gestante nas pol\u00edcias civil e militar avan\u00e7am na Alerj\">Alerj<\/a>. A proposta, de autoria do deputado Carlos Minc (PSB), visa impulsionar o turismo sustent\u00e1vel na regi\u00e3o, aproveitando as belezas naturais do rio que corta diversos munic\u00edpios fluminenses, desde a Serra de Maca\u00e9 de Cima at\u00e9 o Oceano Atl\u00e2ntico.<\/p>\n\n\n\n<p>Com a declara\u00e7\u00e3o de AEIT, a regi\u00e3o poder\u00e1 contar com a\u00e7\u00f5es de apoio de \u00f3rg\u00e3os como a Flumitur, ligados \u00e0 Secretaria de <a href=\"https:\/\/aconteceemmacaeeregiao.com.br\/index.php\/2024\/10\/18\/buzios-sucesso-de-publico-marca-consolidacao-do-encontro-fluminense-de-turismo-regional\/\" title=\"B\u00fazios: Sucesso de p\u00fablico marca consolida\u00e7\u00e3o do Encontro Fluminense de Turismo Regional\">Turismo<\/a>, incentivando o ecoturismo e a preserva\u00e7\u00e3o ambiental. Al\u00e9m de promover o turismo, a iniciativa protege o meio ambiente, proibindo atividades que alterem o leito do rio ou prejudiquem a fauna e flora locais. Se aprovada em segunda vota\u00e7\u00e3o, a medida poder\u00e1 transformar a regi\u00e3o em um polo de turismo ecol\u00f3gico e esportivo, beneficiando a economia local e a preserva\u00e7\u00e3o natural.<\/p>\n\n\n\n<p><em>Fonte Secom Alerj<\/em><\/p>\n","protected":false},"excerpt":{"rendered":"<p>O Rio Maca\u00e9 est\u00e1 prestes a receber o t\u00edtulo de \u00c1rea Estadual de Interesse Tur\u00edstico (AEIT) atrav\u00e9s do Projeto de Lei 6.015\/22, aprovado em primeira vota\u00e7\u00e3o na Alerj. A proposta, de autoria do deputado Carlos Minc (PSB), visa impulsionar o turismo sustent\u00e1vel na regi\u00e3o, aproveitando as belezas naturais do rio que corta diversos munic\u00edpios fluminenses, [&hellip;]<\/p>\n","protected":false},"author":2,"featured_media":18491,"comment_status":"closed","ping_status":"closed","sticky":false,"template":"","format":"standard","meta":{"postBodyCss":"","postBodyMargin":[],"postBodyPadding":[],"postBodyBackground":{"backgroundType":"classic","gradient":""},"footnotes":""},"categories":[45,42,67],"tags":[270,417,225],"class_list":["post-18490","post","type-post","status-publish","format-standard","has-post-thumbnail","hentry","category-economia","category-macae","category-meio-ambiente","tag-alerj","tag-regiao-serrana","tag-turismo"],"aioseo_notices":[],"_links":{"self":[{"href":"https:\/\/aconteceemmacaeeregiao.com.br\/index.php\/wp-json\/wp\/v2\/posts\/18490","targetHints":{"allow":["GET"]}}],"collection":[{"href":"https:\/\/aconteceemmacaeeregiao.com.br\/index.php\/wp-json\/wp\/v2\/posts"}],"about":[{"href":"https:\/\/aconteceemmacaeeregiao.com.br\/index.php\/wp-json\/wp\/v2\/types\/post"}],"author":[{"embeddable":true,"href":"https:\/\/aconteceemmacaeeregiao.com.br\/index.php\/wp-json\/wp\/v2\/users\/2"}],"replies":[{"embeddable":true,"href":"https:\/\/aconteceemmacaeeregiao.com.br\/index.php\/wp-json\/wp\/v2\/comments?post=18490"}],"version-history":[{"count":0,"href":"https:\/\/aconteceemmacaeeregiao.com.br\/index.php\/wp-json\/wp\/v2\/posts\/18490\/revisions"}],"wp:featuredmedia":[{"embeddable":true,"href":"https:\/\/aconteceemmacaeeregiao.com.br\/index.php\/wp-json\/wp\/v2\/media\/18491"}],"wp:attachment":[{"href":"https:\/\/aconteceemmacaeeregiao.com.br\/index.php\/wp-json\/wp\/v2\/media?parent=18490"}],"wp:term":[{"taxonomy":"category","embeddable":true,"href":"https:\/\/aconteceemmacaeeregiao.com.br\/index.php\/wp-json\/wp\/v2\/categories?post=18490"},{"taxonomy":"post_tag","embeddable":true,"href":"https:\/\/aconteceemmacaeeregiao.com.br\/index.php\/wp-json\/wp\/v2\/tags?post=18490"}],"curies":[{"name":"wp","href":"https:\/\/api.w.org\/{rel}","templated":true}]}}