{"id":18493,"date":"2024-10-24T17:05:59","date_gmt":"2024-10-24T20:05:59","guid":{"rendered":"https:\/\/aconteceemmacaeeregiao.com.br\/?p=18493"},"modified":"2024-10-24T17:07:14","modified_gmt":"2024-10-24T20:07:14","slug":"matheus-portela-vai-representar-macae-no-campeonato-sul-americano-de-kickboxing","status":"publish","type":"post","link":"https:\/\/aconteceemmacaeeregiao.com.br\/index.php\/2024\/10\/24\/matheus-portela-vai-representar-macae-no-campeonato-sul-americano-de-kickboxing\/","title":{"rendered":"Matheus Portela vai representar Maca\u00e9 no Campeonato Sul-americano de Kickboxing"},"content":{"rendered":"\n<p>O jovem lutador Matheus Portela, de <a href=\"https:\/\/aconteceemmacaeeregiao.com.br\/index.php\/2024\/10\/24\/rio-macae-pode-ser-declarado-como-area-estadual-de-interesse-turistico\/\" title=\"Rio Maca\u00e9 pode ser declarado como \u00c1rea Estadual de Interesse Tur\u00edstico\">Maca\u00e9<\/a>, est\u00e1 pronto para representar a cidade no Campeonato Sul-americano de Kickboxing, que ocorrer\u00e1 de 29 de outubro a 3 de novembro em Santiago, no Chile. Matheus competir\u00e1 na categoria 13 a 15 anos at\u00e9 52kg, trazendo consigo uma s\u00e9rie de conquistas importantes neste ano.<\/p>\n\n\n\n<p>Com o apoio do programa &#8220;<a href=\"https:\/\/aconteceemmacaeeregiao.com.br\/index.php\/2023\/09\/18\/pan-americano-de-jiu-jitsu-2023-bolsa-atleta-de-quissama-conquista-medalha-de-ouro\/\" title=\"Pan-Americano de Jiu-jitsu 2023: Bolsa Atleta de Quissam\u00e3 conquista medalha de ouro\">Bolsa Atleta<\/a>&#8221; da Secretaria Municipal de Esportes, o atleta chega ao campeonato sul-americano ap\u00f3s se tornar tetracampe\u00e3o Estadual, bicampe\u00e3o Brasileiro e conquistar medalhas de ouro na Copa Brasil e no Campeonato Pan-americano. Matheus segue treinando intensamente com a equipe Skull Top Team, sob a orienta\u00e7\u00e3o de seu treinador e pai, Wagner Portela, e com o incentivo constante de sua m\u00e3e, Dani Cypriano.<\/p>\n\n\n\n<p>Essa competi\u00e7\u00e3o representa uma nova oportunidade para Matheus ampliar seu hist\u00f3rico de vit\u00f3rias e fortalecer sua posi\u00e7\u00e3o no <a href=\"https:\/\/aconteceemmacaeeregiao.com.br\/index.php\/2024\/07\/03\/veronica-medeiros-a-lenda-do-kickboxing-no-rio-de-janeiro\/\" title=\"Ver\u00f4nica Medeiros: A lenda do Kickboxing no Rio de Janeiro\">kickboxing<\/a> sul-americano.<\/p>\n\n\n\n<p><em><a href=\"https:\/\/www.macae.rj.gov.br\/noticias\/leitura\/noticia\/matheus-portela-vai-representar-macae-no-campeonato-sul-americano-de-kickboxing\" title=\"\">Fonte Secom Pref de Maca\u00e9<\/a><\/em><\/p>\n","protected":false},"excerpt":{"rendered":"<p>O jovem lutador Matheus Portela, de Maca\u00e9, est\u00e1 pronto para representar a cidade no Campeonato Sul-americano de Kickboxing, que ocorrer\u00e1 de 29 de outubro a 3 de novembro em Santiago, no Chile. Matheus competir\u00e1 na categoria 13 a 15 anos at\u00e9 52kg, trazendo consigo uma s\u00e9rie de conquistas importantes neste ano. Com o apoio do [&hellip;]<\/p>\n","protected":false},"author":2,"featured_media":18495,"comment_status":"closed","ping_status":"closed","sticky":false,"template":"","format":"standard","meta":{"postBodyCss":"","postBodyMargin":[],"postBodyPadding":[],"postBodyBackground":{"backgroundType":"classic","gradient":""},"footnotes":""},"categories":[6,42],"tags":[229],"class_list":["post-18493","post","type-post","status-publish","format-standard","has-post-thumbnail","hentry","category-esporte","category-macae","tag-kickboxing"],"aioseo_notices":[],"_links":{"self":[{"href":"https:\/\/aconteceemmacaeeregiao.com.br\/index.php\/wp-json\/wp\/v2\/posts\/18493","targetHints":{"allow":["GET"]}}],"collection":[{"href":"https:\/\/aconteceemmacaeeregiao.com.br\/index.php\/wp-json\/wp\/v2\/posts"}],"about":[{"href":"https:\/\/aconteceemmacaeeregiao.com.br\/index.php\/wp-json\/wp\/v2\/types\/post"}],"author":[{"embeddable":true,"href":"https:\/\/aconteceemmacaeeregiao.com.br\/index.php\/wp-json\/wp\/v2\/users\/2"}],"replies":[{"embeddable":true,"href":"https:\/\/aconteceemmacaeeregiao.com.br\/index.php\/wp-json\/wp\/v2\/comments?post=18493"}],"version-history":[{"count":0,"href":"https:\/\/aconteceemmacaeeregiao.com.br\/index.php\/wp-json\/wp\/v2\/posts\/18493\/revisions"}],"wp:featuredmedia":[{"embeddable":true,"href":"https:\/\/aconteceemmacaeeregiao.com.br\/index.php\/wp-json\/wp\/v2\/media\/18495"}],"wp:attachment":[{"href":"https:\/\/aconteceemmacaeeregiao.com.br\/index.php\/wp-json\/wp\/v2\/media?parent=18493"}],"wp:term":[{"taxonomy":"category","embeddable":true,"href":"https:\/\/aconteceemmacaeeregiao.com.br\/index.php\/wp-json\/wp\/v2\/categories?post=18493"},{"taxonomy":"post_tag","embeddable":true,"href":"https:\/\/aconteceemmacaeeregiao.com.br\/index.php\/wp-json\/wp\/v2\/tags?post=18493"}],"curies":[{"name":"wp","href":"https:\/\/api.w.org\/{rel}","templated":true}]}}