{"id":18502,"date":"2024-10-24T20:41:47","date_gmt":"2024-10-24T23:41:47","guid":{"rendered":"https:\/\/aconteceemmacaeeregiao.com.br\/?p=18502"},"modified":"2024-10-24T20:41:47","modified_gmt":"2024-10-24T23:41:47","slug":"sana-recebe-corrida-ecologica-neste-domingo-com-mais-de-300-atletas-inscritos","status":"publish","type":"post","link":"https:\/\/aconteceemmacaeeregiao.com.br\/index.php\/2024\/10\/24\/sana-recebe-corrida-ecologica-neste-domingo-com-mais-de-300-atletas-inscritos\/","title":{"rendered":"Sana recebe Corrida Ecol\u00f3gica neste domingo com mais de 300 atletas inscritos"},"content":{"rendered":"\n<p>A tradicional Corrida Ecol\u00f3gica do <a href=\"https:\/\/aconteceemmacaeeregiao.com.br\/index.php\/2024\/10\/24\/rio-macae-pode-ser-declarado-como-area-estadual-de-interesse-turistico\/\" title=\"Rio Maca\u00e9 pode ser declarado como \u00c1rea Estadual de Interesse Tur\u00edstico\">Sana<\/a> chega \u00e0 sua 16\u00aa edi\u00e7\u00e3o neste domingo (27), com a participa\u00e7\u00e3o de 320 atletas, consolidando-se como um dos eventos esportivos mais aguardados da regi\u00e3o. Com o apoio da Prefeitura de Maca\u00e9 e organizada pela Associa\u00e7\u00e3o de Corredores de Rua de Maca\u00e9 (Ascom), a competi\u00e7\u00e3o conta com provas nas dist\u00e2ncias de 15 km e 7 km, partindo do Sana Camping, localizado na regi\u00e3o serrana.<\/p>\n\n\n\n<p>O evento, que faz parte do Calend\u00e1rio de Eventos do munic\u00edpio, come\u00e7a \u00e0s 8h e ter\u00e1 tamb\u00e9m um percurso especial para crian\u00e7as e uma caminhada para promover a participa\u00e7\u00e3o de diferentes p\u00fablicos. Os cinco primeiros colocados da classifica\u00e7\u00e3o geral e os tr\u00eas melhores de cada categoria, por faixa et\u00e1ria, masculino e feminino, ser\u00e3o premiados.<\/p>\n\n\n\n<p>Rodrigo de Souza Caldeira, Secret\u00e1rio de Esportes de Maca\u00e9, destacou a import\u00e2ncia da parceria com a Ascom no fomento ao esporte local. Ele afirmou que a colabora\u00e7\u00e3o fortalece o esporte em diversas modalidades, especialmente em \u00e1reas como o Sana, conhecida por sua rica <a href=\"https:\/\/aconteceemmacaeeregiao.com.br\/index.php\/2023\/11\/15\/macae-na-rota-do-esporte-de-aventura-e-turismo-na-natureza\/\" title=\"Maca\u00e9 na rota do esporte de aventura e turismo na natureza\">natureza<\/a>. J\u00e1 os diretores da Ascom, Adenilson Apr\u00edgio dos Santos e Vera L\u00facia Mota, ressaltaram o impacto positivo do evento n\u00e3o apenas no esporte, mas tamb\u00e9m no turismo e na economia local, com atletas de outras cidades e estados movimentando a rede de hospedagem e o com\u00e9rcio da regi\u00e3o.<\/p>\n\n\n\n<p>O evento promete, mais uma vez, ser marcado pela integra\u00e7\u00e3o com a natureza e o esp\u00edrito de supera\u00e7\u00e3o, atraindo participantes e turistas que se conectam com o ambiente natural do Sana, famoso por suas belezas naturais e clima de aventura.<\/p>\n\n\n\n<p><em><a href=\"https:\/\/www.macae.rj.gov.br\/noticias\/leitura\/noticia\/sana-recebe-corrida-ecologica-neste-domingo\" title=\"\">Fonte Secom Pref de Maca\u00e9<\/a><\/em><\/p>\n","protected":false},"excerpt":{"rendered":"<p>A tradicional Corrida Ecol\u00f3gica do Sana chega \u00e0 sua 16\u00aa edi\u00e7\u00e3o neste domingo (27), com a participa\u00e7\u00e3o de 320 atletas, consolidando-se como um dos eventos esportivos mais aguardados da regi\u00e3o. Com o apoio da Prefeitura de Maca\u00e9 e organizada pela Associa\u00e7\u00e3o de Corredores de Rua de Maca\u00e9 (Ascom), a competi\u00e7\u00e3o conta com provas nas dist\u00e2ncias [&hellip;]<\/p>\n","protected":false},"author":2,"featured_media":18503,"comment_status":"closed","ping_status":"closed","sticky":false,"template":"","format":"standard","meta":{"postBodyCss":"","postBodyMargin":[],"postBodyPadding":[],"postBodyBackground":{"backgroundType":"classic","gradient":""},"footnotes":""},"categories":[6,42],"tags":[134,399,69],"class_list":["post-18502","post","type-post","status-publish","format-standard","has-post-thumbnail","hentry","category-esporte","category-macae","tag-atleta","tag-corrida","tag-ecologia"],"aioseo_notices":[],"_links":{"self":[{"href":"https:\/\/aconteceemmacaeeregiao.com.br\/index.php\/wp-json\/wp\/v2\/posts\/18502","targetHints":{"allow":["GET"]}}],"collection":[{"href":"https:\/\/aconteceemmacaeeregiao.com.br\/index.php\/wp-json\/wp\/v2\/posts"}],"about":[{"href":"https:\/\/aconteceemmacaeeregiao.com.br\/index.php\/wp-json\/wp\/v2\/types\/post"}],"author":[{"embeddable":true,"href":"https:\/\/aconteceemmacaeeregiao.com.br\/index.php\/wp-json\/wp\/v2\/users\/2"}],"replies":[{"embeddable":true,"href":"https:\/\/aconteceemmacaeeregiao.com.br\/index.php\/wp-json\/wp\/v2\/comments?post=18502"}],"version-history":[{"count":0,"href":"https:\/\/aconteceemmacaeeregiao.com.br\/index.php\/wp-json\/wp\/v2\/posts\/18502\/revisions"}],"wp:featuredmedia":[{"embeddable":true,"href":"https:\/\/aconteceemmacaeeregiao.com.br\/index.php\/wp-json\/wp\/v2\/media\/18503"}],"wp:attachment":[{"href":"https:\/\/aconteceemmacaeeregiao.com.br\/index.php\/wp-json\/wp\/v2\/media?parent=18502"}],"wp:term":[{"taxonomy":"category","embeddable":true,"href":"https:\/\/aconteceemmacaeeregiao.com.br\/index.php\/wp-json\/wp\/v2\/categories?post=18502"},{"taxonomy":"post_tag","embeddable":true,"href":"https:\/\/aconteceemmacaeeregiao.com.br\/index.php\/wp-json\/wp\/v2\/tags?post=18502"}],"curies":[{"name":"wp","href":"https:\/\/api.w.org\/{rel}","templated":true}]}}