{"id":18543,"date":"2024-10-30T23:32:19","date_gmt":"2024-10-31T02:32:19","guid":{"rendered":"https:\/\/aconteceemmacaeeregiao.com.br\/?p=18543"},"modified":"2024-10-30T23:44:28","modified_gmt":"2024-10-31T02:44:28","slug":"novo-walking-tour-em-macae-inscricoes-abertas-para-roteiro-historico-sobre-desenvolvimento-economico","status":"publish","type":"post","link":"https:\/\/aconteceemmacaeeregiao.com.br\/index.php\/2024\/10\/30\/novo-walking-tour-em-macae-inscricoes-abertas-para-roteiro-historico-sobre-desenvolvimento-economico\/","title":{"rendered":"Novo Walking Tour em Maca\u00e9: inscri\u00e7\u00f5es abertas para roteiro hist\u00f3rico sobre desenvolvimento econ\u00f4mico"},"content":{"rendered":"\n<p>Est\u00e3o abertas as inscri\u00e7\u00f5es para o novo roteiro do <a href=\"https:\/\/aconteceemmacaeeregiao.com.br\/index.php\/2024\/06\/23\/walking-tour-macae-encanta-visitantes-no-solar-de-monte-elisio\/\" title=\"Walking Tour Maca\u00e9 encanta visitantes no Solar de Monte El\u00edsio\">Walking Tour Maca\u00e9<\/a>, que abordar\u00e1 o desenvolvimento econ\u00f4mico da cidade ao longo do s\u00e9culo XX. O passeio, promovido pela Secretaria Adjunta de Turismo, levar\u00e1 os participantes ao pr\u00e9dio hist\u00f3rico da Associa\u00e7\u00e3o Comercial e Industrial, onde poder\u00e3o conhecer detalhes da economia macaense, al\u00e9m de visitar a galeria de arte com obras de Di Mendon\u00e7a. A atividade \u00e9 gratuita e ocorrer\u00e1 nos dias 8, 22 e 29 de novembro e 6 de dezembro.<\/p>\n\n\n\n<p>Para participar, basta enviar um e-mail para macaewt@gmail.com para receber a confirma\u00e7\u00e3o e mais informa\u00e7\u00f5es. A guia Paloma Rosa explica que o tour destaca a influ\u00eancia do setor cafeeiro e do com\u00e9rcio local, que foram pilares da economia macaense. A Associa\u00e7\u00e3o Comercial, fundada em 1916 e estabelecida em sua sede pr\u00f3pria no <a href=\"https:\/\/aconteceemmacaeeregiao.com.br\/index.php\/2024\/10\/22\/acao-educativa-em-macae-busca-coibir-ciclistas-no-calcadao-da-rui-barbosa\/\" title=\"A\u00e7\u00e3o Educativa em Maca\u00e9 Busca Coibir Ciclistas no Cal\u00e7ad\u00e3o da Rui Barbosa\">cal\u00e7ad\u00e3o<\/a> da Avenida Rui Barbosa em 1923, desempenhou papel importante no progresso da cidade.<\/p>\n\n\n\n<p>Al\u00e9m da hist\u00f3ria econ\u00f4mica, os participantes ter\u00e3o acesso \u00e0 galeria de arte com paisagens macaenses retratadas por Di Mendon\u00e7a, enriquecendo ainda mais a experi\u00eancia cultural do tour.<\/p>\n\n\n\n<p><strong>Confira a datas e os hor\u00e1rios do Walking Tour:<\/strong><\/p>\n\n\n\n<ul class=\"wp-block-list\">\n<li>08\/11 \u00e0s 15h<\/li>\n\n\n\n<li>22\/11 \u00e0s 10h<\/li>\n\n\n\n<li>29\/11 \u00e0s 15h<\/li>\n\n\n\n<li>06\/12 \u00e0s 10h<\/li>\n<\/ul>\n\n\n\n<p><em><a href=\"https:\/\/www.macae.rj.gov.br\/noticias\/leitura\/noticia\/inscricoes-para-o-walking-tour-novo-roteiro-tem-foco-no-desenvolvimento-economico\" title=\"\">Fonte Secom Pref de Maca\u00e9<\/a><\/em><\/p>\n\n\n\n<p><\/p>\n","protected":false},"excerpt":{"rendered":"<p>Est\u00e3o abertas as inscri\u00e7\u00f5es para o novo roteiro do Walking Tour Maca\u00e9, que abordar\u00e1 o desenvolvimento econ\u00f4mico da cidade ao longo do s\u00e9culo XX. O passeio, promovido pela Secretaria Adjunta de Turismo, levar\u00e1 os participantes ao pr\u00e9dio hist\u00f3rico da Associa\u00e7\u00e3o Comercial e Industrial, onde poder\u00e3o conhecer detalhes da economia macaense, al\u00e9m de visitar a galeria [&hellip;]<\/p>\n","protected":false},"author":2,"featured_media":18544,"comment_status":"closed","ping_status":"closed","sticky":false,"template":"","format":"standard","meta":{"postBodyCss":"","postBodyMargin":[],"postBodyPadding":[],"postBodyBackground":{"backgroundType":"classic","gradient":""},"footnotes":""},"categories":[46,45,42,1],"tags":[225],"class_list":["post-18543","post","type-post","status-publish","format-standard","has-post-thumbnail","hentry","category-diversao","category-economia","category-macae","category-sem-categoria","tag-turismo"],"aioseo_notices":[],"_links":{"self":[{"href":"https:\/\/aconteceemmacaeeregiao.com.br\/index.php\/wp-json\/wp\/v2\/posts\/18543","targetHints":{"allow":["GET"]}}],"collection":[{"href":"https:\/\/aconteceemmacaeeregiao.com.br\/index.php\/wp-json\/wp\/v2\/posts"}],"about":[{"href":"https:\/\/aconteceemmacaeeregiao.com.br\/index.php\/wp-json\/wp\/v2\/types\/post"}],"author":[{"embeddable":true,"href":"https:\/\/aconteceemmacaeeregiao.com.br\/index.php\/wp-json\/wp\/v2\/users\/2"}],"replies":[{"embeddable":true,"href":"https:\/\/aconteceemmacaeeregiao.com.br\/index.php\/wp-json\/wp\/v2\/comments?post=18543"}],"version-history":[{"count":0,"href":"https:\/\/aconteceemmacaeeregiao.com.br\/index.php\/wp-json\/wp\/v2\/posts\/18543\/revisions"}],"wp:featuredmedia":[{"embeddable":true,"href":"https:\/\/aconteceemmacaeeregiao.com.br\/index.php\/wp-json\/wp\/v2\/media\/18544"}],"wp:attachment":[{"href":"https:\/\/aconteceemmacaeeregiao.com.br\/index.php\/wp-json\/wp\/v2\/media?parent=18543"}],"wp:term":[{"taxonomy":"category","embeddable":true,"href":"https:\/\/aconteceemmacaeeregiao.com.br\/index.php\/wp-json\/wp\/v2\/categories?post=18543"},{"taxonomy":"post_tag","embeddable":true,"href":"https:\/\/aconteceemmacaeeregiao.com.br\/index.php\/wp-json\/wp\/v2\/tags?post=18543"}],"curies":[{"name":"wp","href":"https:\/\/api.w.org\/{rel}","templated":true}]}}