{"id":18557,"date":"2024-11-01T20:20:34","date_gmt":"2024-11-01T23:20:34","guid":{"rendered":"https:\/\/aconteceemmacaeeregiao.com.br\/?p=18557"},"modified":"2024-11-01T20:20:34","modified_gmt":"2024-11-01T23:20:34","slug":"blitz-educativa-mobiliza-estudantes-para-um-transito-mais-seguro","status":"publish","type":"post","link":"https:\/\/aconteceemmacaeeregiao.com.br\/index.php\/2024\/11\/01\/blitz-educativa-mobiliza-estudantes-para-um-transito-mais-seguro\/","title":{"rendered":"Blitz Educativa mobiliza estudantes para um tr\u00e2nsito mais seguro"},"content":{"rendered":"\n<p>Nesta sexta-feira (1\u00ba), a Coordena\u00e7\u00e3o de Educa\u00e7\u00e3o para o Tr\u00e2nsito realizou uma Blitz Educativa em parceria com a Opera\u00e7\u00e3o <a href=\"https:\/\/aconteceemmacaeeregiao.com.br\/index.php\/2024\/09\/03\/operacao-lei-seca-autua-500-motoristas-no-rio-macae-lidera-com-alta-taxa-de-infracao\/\" title=\"Opera\u00e7\u00e3o Lei Seca autua 500 motoristas no Rio: Maca\u00e9 lidera com alta taxa de infra\u00e7\u00e3o\">Lei Seca<\/a>, sensibilizando alunos do Col\u00e9gio Estadual Luiz Reid sobre a import\u00e2ncia dos cuidados no tr\u00e2nsito. O evento come\u00e7ou com uma palestra para 45 estudantes, abordando o uso de equipamentos de seguran\u00e7a e outras medidas preventivas, e seguiu com uma a\u00e7\u00e3o pr\u00e1tica em frente ao col\u00e9gio, na Rua Teixeira de Gouveia.<\/p>\n\n\n\n<p>Segundo o coordenador <a href=\"https:\/\/aconteceemmacaeeregiao.com.br\/index.php\/2024\/10\/10\/iv-seminario-de-mobilidade-urbana-inscricoes-abertas\/\" title=\"IV Semin\u00e1rio de Mobilidade Urbana: Inscri\u00e7\u00f5es Abertas\">Leandro Aracati<\/a>, o objetivo \u00e9 conscientizar os jovens sobre os riscos de comportamentos negligentes no tr\u00e2nsito, promovendo uma cultura de paz. As atividades educativas s\u00e3o parte de um esfor\u00e7o cont\u00ednuo para construir um tr\u00e2nsito mais seguro e respons\u00e1vel. \u201cPequenas atitudes, como respeitar sinaliza\u00e7\u00f5es e usar o cinto de seguran\u00e7a, fazem uma grande diferen\u00e7a para todos\u201d, destaca Leandro.<\/p>\n\n\n\n<p><a href=\"https:\/\/www.macae.rj.gov.br\/noticias\/leitura\/noticia\/mobilidade-urbana-e-operacao-lei-seca-realizam-blitz-educativa\" title=\"\"><em>Fonte Secom Pref de Maca\u00e9<\/em><\/a><\/p>\n","protected":false},"excerpt":{"rendered":"<p>Nesta sexta-feira (1\u00ba), a Coordena\u00e7\u00e3o de Educa\u00e7\u00e3o para o Tr\u00e2nsito realizou uma Blitz Educativa em parceria com a Opera\u00e7\u00e3o Lei Seca, sensibilizando alunos do Col\u00e9gio Estadual Luiz Reid sobre a import\u00e2ncia dos cuidados no tr\u00e2nsito. O evento come\u00e7ou com uma palestra para 45 estudantes, abordando o uso de equipamentos de seguran\u00e7a e outras medidas preventivas, [&hellip;]<\/p>\n","protected":false},"author":2,"featured_media":18558,"comment_status":"closed","ping_status":"closed","sticky":false,"template":"","format":"standard","meta":{"postBodyCss":"","postBodyMargin":[],"postBodyPadding":[],"postBodyBackground":{"backgroundType":"classic","gradient":""},"footnotes":""},"categories":[61,42],"tags":[455,972,140,466],"class_list":["post-18557","post","type-post","status-publish","format-standard","has-post-thumbnail","hentry","category-educacao","category-macae","tag-escola-publica","tag-lei-seca","tag-mobilidade-urbana","tag-transito-2"],"aioseo_notices":[],"_links":{"self":[{"href":"https:\/\/aconteceemmacaeeregiao.com.br\/index.php\/wp-json\/wp\/v2\/posts\/18557","targetHints":{"allow":["GET"]}}],"collection":[{"href":"https:\/\/aconteceemmacaeeregiao.com.br\/index.php\/wp-json\/wp\/v2\/posts"}],"about":[{"href":"https:\/\/aconteceemmacaeeregiao.com.br\/index.php\/wp-json\/wp\/v2\/types\/post"}],"author":[{"embeddable":true,"href":"https:\/\/aconteceemmacaeeregiao.com.br\/index.php\/wp-json\/wp\/v2\/users\/2"}],"replies":[{"embeddable":true,"href":"https:\/\/aconteceemmacaeeregiao.com.br\/index.php\/wp-json\/wp\/v2\/comments?post=18557"}],"version-history":[{"count":0,"href":"https:\/\/aconteceemmacaeeregiao.com.br\/index.php\/wp-json\/wp\/v2\/posts\/18557\/revisions"}],"wp:featuredmedia":[{"embeddable":true,"href":"https:\/\/aconteceemmacaeeregiao.com.br\/index.php\/wp-json\/wp\/v2\/media\/18558"}],"wp:attachment":[{"href":"https:\/\/aconteceemmacaeeregiao.com.br\/index.php\/wp-json\/wp\/v2\/media?parent=18557"}],"wp:term":[{"taxonomy":"category","embeddable":true,"href":"https:\/\/aconteceemmacaeeregiao.com.br\/index.php\/wp-json\/wp\/v2\/categories?post=18557"},{"taxonomy":"post_tag","embeddable":true,"href":"https:\/\/aconteceemmacaeeregiao.com.br\/index.php\/wp-json\/wp\/v2\/tags?post=18557"}],"curies":[{"name":"wp","href":"https:\/\/api.w.org\/{rel}","templated":true}]}}