{"id":18586,"date":"2024-11-05T22:24:56","date_gmt":"2024-11-06T01:24:56","guid":{"rendered":"https:\/\/aconteceemmacaeeregiao.com.br\/?p=18586"},"modified":"2024-11-05T22:24:57","modified_gmt":"2024-11-06T01:24:57","slug":"brasil-entre-os-paises-mais-afetados-pelo-estresse-veja-como-cuidar-da-saude-mental","status":"publish","type":"post","link":"https:\/\/aconteceemmacaeeregiao.com.br\/index.php\/2024\/11\/05\/brasil-entre-os-paises-mais-afetados-pelo-estresse-veja-como-cuidar-da-saude-mental\/","title":{"rendered":"Brasil entre os pa\u00edses mais afetados pelo estresse: veja como cuidar da sa\u00fade mental"},"content":{"rendered":"\n<p>Um recente relat\u00f3rio global aponta que o Brasil \u00e9 o quarto pa\u00eds mais estressado do mundo, com 42% dos brasileiros frequentemente enfrentando altos n\u00edveis de<a href=\"https:\/\/aconteceemmacaeeregiao.com.br\/index.php\/2024\/01\/08\/estrategias-para-lidar-com-o-estresse-e-a-pressao-no-ambiente-de-trabalho\/\" title=\"Estrat\u00e9gias para lidar com o estresse e a press\u00e3o no ambiente de trabalho\"> estresse<\/a>. Esse cen\u00e1rio ressalta a import\u00e2ncia de pr\u00e1ticas saud\u00e1veis para reduzir o impacto do estresse na sa\u00fade f\u00edsica e mental, al\u00e9m de evitar problemas s\u00e9rios, como ansiedade e hipertens\u00e3o.<\/p>\n\n\n\n<p>Segundo o especialista Ricardo Patitucci, incorporar exerc\u00edcios f\u00edsicos, como caminhadas di\u00e1rias, ajuda a liberar endorfinas, promovendo uma sensa\u00e7\u00e3o de bem-estar. A medita\u00e7\u00e3o tamb\u00e9m \u00e9 uma poderosa aliada, pois aumenta a resili\u00eancia e equilibra o emocional. Al\u00e9m disso, cuidar da qualidade do sono e da <a href=\"https:\/\/aconteceemmacaeeregiao.com.br\/index.php\/2024\/10\/11\/dia-das-criancas-alimentacao-saudavel-no-desenvolvimento-infantil\/\" title=\"Dia das Crian\u00e7as: Alimenta\u00e7\u00e3o Saud\u00e1vel no Desenvolvimento Infantil\">alimenta\u00e7\u00e3o<\/a> \u00e9 essencial. Manter uma rotina de sono adequada e evitar o excesso de telas, por exemplo, pode melhorar significativamente a disposi\u00e7\u00e3o para enfrentar os desafios do dia a dia.<\/p>\n\n\n\n<p>Por fim, buscar apoio psicol\u00f3gico \u00e9 uma etapa importante para entender os gatilhos do estresse e desenvolver estrat\u00e9gias para gerenci\u00e1-lo. Profissionais da \u00e1rea de sa\u00fade mental oferecem acompanhamento personalizado que ajuda a criar um estilo de vida mais equilibrado, promovendo o bem-estar f\u00edsico e <a href=\"https:\/\/aconteceemmacaeeregiao.com.br\/index.php\/2024\/10\/16\/a-importancia-do-cuidador-no-tratamento-de-pacientes-com-alzheimer\/\" title=\"A Import\u00e2ncia do Cuidador no Tratamento de Pacientes com Alzheimer\">emocional<\/a>.<\/p>\n\n\n\n<p><strong>Sobre a ViV Sa\u00fade Mental e Emocional<\/strong><\/p>\n\n\n\n<p>A ViV Sa\u00fade Mental e Emocional \u00e9 o maior grupo de sa\u00fade mental do Brasil, que oferece tratamento da baixa \u00e0 alta complexidade e cuidados personalizados com o prop\u00f3sito de melhorar a qualidade de vida de seus pacientes.<\/p>\n\n\n\n<p>Presente em cinco estados do pa\u00eds (Rio de Janeiro, Minas Gerais, Santa Catarina, Paran\u00e1 e Esp\u00edrito Santo) e no Distrito Federal e com seis institui\u00e7\u00f5es (Cl\u00ednica da G\u00e1vea, Instituto S\u00e3o Jos\u00e9, Vila Verde, Cadmo, Green House e Crescer), a miss\u00e3o da ViV \u00e9 elevar a vida ao seu melhor e integrar os lados f\u00edsico, mental e social de cada paciente, com uma abordagem baseada no equil\u00edbrio entre o cient\u00edfico e a sensibilidade humana. Busca ser reconhecida como uma rede de excel\u00eancia assistencial para sa\u00fade mental e emocional, contribuindo para redu\u00e7\u00e3o do estigma no Brasil.<\/p>\n","protected":false},"excerpt":{"rendered":"<p>Um recente relat\u00f3rio global aponta que o Brasil \u00e9 o quarto pa\u00eds mais estressado do mundo, com 42% dos brasileiros frequentemente enfrentando altos n\u00edveis de estresse. Esse cen\u00e1rio ressalta a import\u00e2ncia de pr\u00e1ticas saud\u00e1veis para reduzir o impacto do estresse na sa\u00fade f\u00edsica e mental, al\u00e9m de evitar problemas s\u00e9rios, como ansiedade e hipertens\u00e3o. Segundo [&hellip;]<\/p>\n","protected":false},"author":2,"featured_media":18591,"comment_status":"closed","ping_status":"closed","sticky":false,"template":"","format":"standard","meta":{"postBodyCss":"","postBodyMargin":[],"postBodyPadding":[],"postBodyBackground":{"backgroundType":"classic","gradient":""},"footnotes":""},"categories":[951,78],"tags":[143],"class_list":["post-18586","post","type-post","status-publish","format-standard","has-post-thumbnail","hentry","category-brasil","category-saude","tag-stress"],"aioseo_notices":[],"_links":{"self":[{"href":"https:\/\/aconteceemmacaeeregiao.com.br\/index.php\/wp-json\/wp\/v2\/posts\/18586","targetHints":{"allow":["GET"]}}],"collection":[{"href":"https:\/\/aconteceemmacaeeregiao.com.br\/index.php\/wp-json\/wp\/v2\/posts"}],"about":[{"href":"https:\/\/aconteceemmacaeeregiao.com.br\/index.php\/wp-json\/wp\/v2\/types\/post"}],"author":[{"embeddable":true,"href":"https:\/\/aconteceemmacaeeregiao.com.br\/index.php\/wp-json\/wp\/v2\/users\/2"}],"replies":[{"embeddable":true,"href":"https:\/\/aconteceemmacaeeregiao.com.br\/index.php\/wp-json\/wp\/v2\/comments?post=18586"}],"version-history":[{"count":0,"href":"https:\/\/aconteceemmacaeeregiao.com.br\/index.php\/wp-json\/wp\/v2\/posts\/18586\/revisions"}],"wp:featuredmedia":[{"embeddable":true,"href":"https:\/\/aconteceemmacaeeregiao.com.br\/index.php\/wp-json\/wp\/v2\/media\/18591"}],"wp:attachment":[{"href":"https:\/\/aconteceemmacaeeregiao.com.br\/index.php\/wp-json\/wp\/v2\/media?parent=18586"}],"wp:term":[{"taxonomy":"category","embeddable":true,"href":"https:\/\/aconteceemmacaeeregiao.com.br\/index.php\/wp-json\/wp\/v2\/categories?post=18586"},{"taxonomy":"post_tag","embeddable":true,"href":"https:\/\/aconteceemmacaeeregiao.com.br\/index.php\/wp-json\/wp\/v2\/tags?post=18586"}],"curies":[{"name":"wp","href":"https:\/\/api.w.org\/{rel}","templated":true}]}}