{"id":18593,"date":"2024-11-05T22:43:56","date_gmt":"2024-11-06T01:43:56","guid":{"rendered":"https:\/\/aconteceemmacaeeregiao.com.br\/?p=18593"},"modified":"2024-11-05T22:43:57","modified_gmt":"2024-11-06T01:43:57","slug":"empresario-e-vitima-de-sequestro-relampago-em-macae","status":"publish","type":"post","link":"https:\/\/aconteceemmacaeeregiao.com.br\/index.php\/2024\/11\/05\/empresario-e-vitima-de-sequestro-relampago-em-macae\/","title":{"rendered":"Empres\u00e1rio \u00e9 v\u00edtima de sequestro-rel\u00e2mpago em Maca\u00e9"},"content":{"rendered":"\n<p><em><strong>Pol\u00edcia j\u00e1 prendeu dois suspeitos<\/strong><\/em><\/p>\n\n\n\n<p>Na \u00faltima sexta-feira (1\u00ba), um empres\u00e1rio de Maca\u00e9 foi v\u00edtima de um sequestro-rel\u00e2mpago ao sair do trabalho, nas proximidades do antigo terminal da<a href=\"https:\/\/aconteceemmacaeeregiao.com.br\/index.php\/2024\/05\/07\/um-ano-de-de-canoa-na-lagoa-educando-ao-ar-livre\/\" title=\"Um Ano de \u2018De Canoa, na Lagoa\u2019 educando ao ar livre\"> Lagoa<\/a>. C\u00e2meras de seguran\u00e7a captaram o momento em que ele foi rendido ao entrar em seu ve\u00edculo. Os criminosos roubaram joias avaliadas em R$ 100 mil e, ap\u00f3s uma hora, liberaram o empres\u00e1rio na Linha Verde.<\/p>\n\n\n\n<p>Dos quatro suspeitos, dois j\u00e1 foram capturados pela Pol\u00edcia Militar, com o apoio da Pol\u00edcia Federal e Civil. Um dos suspeitos foi localizado no bairro Costa Azul, em <a href=\"https:\/\/aconteceemmacaeeregiao.com.br\/index.php\/2023\/08\/17\/em-rio-das-ostras-brk-realiza-manutencao-na-rede-coletora-de-esgoto\/\" title=\"Em Rio das Ostras, BRK realiza manuten\u00e7\u00e3o na rede coletora de esgoto\">Rio das Ostras,<\/a> no s\u00e1bado (2), e o carro utilizado no crime tamb\u00e9m foi apreendido. O comandante Ot\u00e1vio Olavo Ramos destacou que a v\u00edtima possivelmente estava sendo monitorada por meio de redes sociais ou fontes privilegiadas.<\/p>\n\n\n\n<p><strong>Dicas de seguran\u00e7a contra sequestros-rel\u00e2mpago<\/strong><\/p>\n\n\n\n<ul class=\"wp-block-list\">\n<li><strong>Evite rotinas previs\u00edveis<\/strong>: Mudar hor\u00e1rios e trajetos pode dificultar a a\u00e7\u00e3o de criminosos.<\/li>\n\n\n\n<li><strong>Reduza a exposi\u00e7\u00e3o em redes sociais<\/strong>: Evite divulgar localiza\u00e7\u00f5es e informa\u00e7\u00f5es sobre rotinas.<\/li>\n\n\n\n<li><strong>Aten\u00e7\u00e3o ao embarque no ve\u00edculo<\/strong>: Verifique o ambiente ao redor e entre rapidamente no carro, travando as portas imediatamente.<\/li>\n<\/ul>\n\n\n\n<p>A popula\u00e7\u00e3o pode ajudar na investiga\u00e7\u00e3o fornecendo informa\u00e7\u00f5es pelo Disque Den\u00fancia no n\u00famero (22) 99716-1810.<\/p>\n\n\n\n<p><em><a href=\"https:\/\/g1.globo.com\/rj\/norte-fluminense\/noticia\/2024\/11\/04\/empresario-e-vitima-de-sequestro-relampago-em-macae-dois-sao-presos.ghtml\" title=\"\">Fonte Portal G1<\/a><\/em><\/p>\n","protected":false},"excerpt":{"rendered":"<p>Pol\u00edcia j\u00e1 prendeu dois suspeitos Na \u00faltima sexta-feira (1\u00ba), um empres\u00e1rio de Maca\u00e9 foi v\u00edtima de um sequestro-rel\u00e2mpago ao sair do trabalho, nas proximidades do antigo terminal da Lagoa. C\u00e2meras de seguran\u00e7a captaram o momento em que ele foi rendido ao entrar em seu ve\u00edculo. Os criminosos roubaram joias avaliadas em R$ 100 mil e, [&hellip;]<\/p>\n","protected":false},"author":2,"featured_media":18594,"comment_status":"closed","ping_status":"closed","sticky":false,"template":"","format":"standard","meta":{"postBodyCss":"","postBodyMargin":[],"postBodyPadding":[],"postBodyBackground":{"backgroundType":"classic","gradient":""},"footnotes":""},"categories":[47],"tags":[919,496,838,556],"class_list":["post-18593","post","type-post","status-publish","format-standard","has-post-thumbnail","hentry","category-ocorrencias","tag-ocorrencias-em-macae","tag-policia-civil","tag-policia-federal","tag-sequestro"],"aioseo_notices":[],"_links":{"self":[{"href":"https:\/\/aconteceemmacaeeregiao.com.br\/index.php\/wp-json\/wp\/v2\/posts\/18593","targetHints":{"allow":["GET"]}}],"collection":[{"href":"https:\/\/aconteceemmacaeeregiao.com.br\/index.php\/wp-json\/wp\/v2\/posts"}],"about":[{"href":"https:\/\/aconteceemmacaeeregiao.com.br\/index.php\/wp-json\/wp\/v2\/types\/post"}],"author":[{"embeddable":true,"href":"https:\/\/aconteceemmacaeeregiao.com.br\/index.php\/wp-json\/wp\/v2\/users\/2"}],"replies":[{"embeddable":true,"href":"https:\/\/aconteceemmacaeeregiao.com.br\/index.php\/wp-json\/wp\/v2\/comments?post=18593"}],"version-history":[{"count":0,"href":"https:\/\/aconteceemmacaeeregiao.com.br\/index.php\/wp-json\/wp\/v2\/posts\/18593\/revisions"}],"wp:featuredmedia":[{"embeddable":true,"href":"https:\/\/aconteceemmacaeeregiao.com.br\/index.php\/wp-json\/wp\/v2\/media\/18594"}],"wp:attachment":[{"href":"https:\/\/aconteceemmacaeeregiao.com.br\/index.php\/wp-json\/wp\/v2\/media?parent=18593"}],"wp:term":[{"taxonomy":"category","embeddable":true,"href":"https:\/\/aconteceemmacaeeregiao.com.br\/index.php\/wp-json\/wp\/v2\/categories?post=18593"},{"taxonomy":"post_tag","embeddable":true,"href":"https:\/\/aconteceemmacaeeregiao.com.br\/index.php\/wp-json\/wp\/v2\/tags?post=18593"}],"curies":[{"name":"wp","href":"https:\/\/api.w.org\/{rel}","templated":true}]}}