{"id":18596,"date":"2024-11-05T22:49:12","date_gmt":"2024-11-06T01:49:12","guid":{"rendered":"https:\/\/aconteceemmacaeeregiao.com.br\/?p=18596"},"modified":"2024-11-05T22:49:13","modified_gmt":"2024-11-06T01:49:13","slug":"atleta-de-macae-conquista-bicampeonato-pan-americano-de-kickboxing-e-se-prepara-para-o-mundial","status":"publish","type":"post","link":"https:\/\/aconteceemmacaeeregiao.com.br\/index.php\/2024\/11\/05\/atleta-de-macae-conquista-bicampeonato-pan-americano-de-kickboxing-e-se-prepara-para-o-mundial\/","title":{"rendered":"Atleta de Maca\u00e9 conquista bicampeonato Pan-americano de Kickboxing e se prepara para o Mundial"},"content":{"rendered":"\n<p>O lutador Carlos Eduardo, conhecido como Mineiro, fez hist\u00f3ria ao conquistar o t\u00edtulo de campe\u00e3o Pan-americano de Kickboxing na categoria low kicks +91 kg, em competi\u00e7\u00e3o realizada no Chile. Representando Maca\u00e9 e ocupando agora a primeira posi\u00e7\u00e3o no ranking brasileiro e continental, Mineiro integra o Programa<a href=\"https:\/\/aconteceemmacaeeregiao.com.br\/index.php\/2024\/03\/04\/lista-preliminar-do-bolsa-atleta-e-divulgada\/\" title=\"Lista Preliminar do Bolsa Atleta \u00e9 Divulgada\"> Bolsa Atleta<\/a> da Secretaria Municipal de Esportes e compete pela equipe Skull Top Team, sob a lideran\u00e7a do mestre Wagner Portela.<\/p>\n\n\n\n<p>Este t\u00edtulo marca o bicampeonato Pan-americano para Mineiro, somando-se a outras conquistas not\u00e1veis, como os t\u00edtulos de campe\u00e3o estadual, brasileiro, Copa do Brasil, Sul-americano e mundial de K1. Com um impressionante hist\u00f3rico de vit\u00f3rias, Mineiro mira agora o Campeonato Mundial de <a href=\"https:\/\/aconteceemmacaeeregiao.com.br\/index.php\/2024\/10\/24\/matheus-portela-vai-representar-macae-no-campeonato-sul-americano-de-kickboxing\/\" title=\"Matheus Portela vai representar Maca\u00e9 no Campeonato Sul-americano de Kickboxing\">Kickboxing<\/a>, que ocorrer\u00e1 em 2025 em San Marino, It\u00e1lia.<\/p>\n\n\n\n<p>A trajet\u00f3ria de Mineiro inspira e fortalece o cen\u00e1rio esportivo de Maca\u00e9, destacando a import\u00e2ncia do apoio ao esporte local e da dedica\u00e7\u00e3o dos atletas em competi\u00e7\u00f5es de alto n\u00edvel.<\/p>\n\n\n\n<p><em><a href=\"https:\/\/www.macae.rj.gov.br\/noticias\/leitura\/noticia\/atleta-mineiro-conquista-titulo-de-campeao-no-pan-americano-de-kickboxing\" title=\"\">Fonte: Secom Pref de Maca\u00e9<\/a><\/em><\/p>\n","protected":false},"excerpt":{"rendered":"<p>O lutador Carlos Eduardo, conhecido como Mineiro, fez hist\u00f3ria ao conquistar o t\u00edtulo de campe\u00e3o Pan-americano de Kickboxing na categoria low kicks +91 kg, em competi\u00e7\u00e3o realizada no Chile. Representando Maca\u00e9 e ocupando agora a primeira posi\u00e7\u00e3o no ranking brasileiro e continental, Mineiro integra o Programa Bolsa Atleta da Secretaria Municipal de Esportes e compete [&hellip;]<\/p>\n","protected":false},"author":2,"featured_media":18597,"comment_status":"closed","ping_status":"closed","sticky":false,"template":"","format":"standard","meta":{"postBodyCss":"","postBodyMargin":[],"postBodyPadding":[],"postBodyBackground":{"backgroundType":"classic","gradient":""},"footnotes":""},"categories":[6,42],"tags":[],"class_list":["post-18596","post","type-post","status-publish","format-standard","has-post-thumbnail","hentry","category-esporte","category-macae"],"aioseo_notices":[],"_links":{"self":[{"href":"https:\/\/aconteceemmacaeeregiao.com.br\/index.php\/wp-json\/wp\/v2\/posts\/18596","targetHints":{"allow":["GET"]}}],"collection":[{"href":"https:\/\/aconteceemmacaeeregiao.com.br\/index.php\/wp-json\/wp\/v2\/posts"}],"about":[{"href":"https:\/\/aconteceemmacaeeregiao.com.br\/index.php\/wp-json\/wp\/v2\/types\/post"}],"author":[{"embeddable":true,"href":"https:\/\/aconteceemmacaeeregiao.com.br\/index.php\/wp-json\/wp\/v2\/users\/2"}],"replies":[{"embeddable":true,"href":"https:\/\/aconteceemmacaeeregiao.com.br\/index.php\/wp-json\/wp\/v2\/comments?post=18596"}],"version-history":[{"count":0,"href":"https:\/\/aconteceemmacaeeregiao.com.br\/index.php\/wp-json\/wp\/v2\/posts\/18596\/revisions"}],"wp:featuredmedia":[{"embeddable":true,"href":"https:\/\/aconteceemmacaeeregiao.com.br\/index.php\/wp-json\/wp\/v2\/media\/18597"}],"wp:attachment":[{"href":"https:\/\/aconteceemmacaeeregiao.com.br\/index.php\/wp-json\/wp\/v2\/media?parent=18596"}],"wp:term":[{"taxonomy":"category","embeddable":true,"href":"https:\/\/aconteceemmacaeeregiao.com.br\/index.php\/wp-json\/wp\/v2\/categories?post=18596"},{"taxonomy":"post_tag","embeddable":true,"href":"https:\/\/aconteceemmacaeeregiao.com.br\/index.php\/wp-json\/wp\/v2\/tags?post=18596"}],"curies":[{"name":"wp","href":"https:\/\/api.w.org\/{rel}","templated":true}]}}