{"id":18639,"date":"2024-11-13T22:38:36","date_gmt":"2024-11-14T01:38:36","guid":{"rendered":"https:\/\/aconteceemmacaeeregiao.com.br\/?p=18639"},"modified":"2024-11-13T22:38:39","modified_gmt":"2024-11-14T01:38:39","slug":"macae-inicia-preparativos-para-o-natal-magia-2024-com-atracoes-imperdiveis","status":"publish","type":"post","link":"https:\/\/aconteceemmacaeeregiao.com.br\/index.php\/2024\/11\/13\/macae-inicia-preparativos-para-o-natal-magia-2024-com-atracoes-imperdiveis\/","title":{"rendered":"Maca\u00e9 Inicia Preparativos para o Natal Magia 2024 com Atra\u00e7\u00f5es Imperd\u00edveis"},"content":{"rendered":"\n<p>O Natal Magia em <a href=\"https:\/\/aconteceemmacaeeregiao.com.br\/index.php\/2024\/11\/13\/macae-celebra-50-anos-da-bacia-de-campos-e-previsao-de-investimentos-de-us-22-bilhoes\/\" title=\"Maca\u00e9 Celebra 50 Anos da Bacia de Campos e Previs\u00e3o de Investimentos de US$ 22 Bilh\u00f5es\">Maca\u00e9<\/a> promete mais uma vez encantar moradores e turistas com a tradicional programa\u00e7\u00e3o natalina, que movimenta a cidade e atrai visitantes, elevando a ocupa\u00e7\u00e3o dos hot\u00e9is para quase 100% nesta \u00e9poca. A montagem da estrutura para o espet\u00e1culo das <a href=\"https:\/\/aconteceemmacaeeregiao.com.br\/index.php\/2023\/12\/15\/projecao-holografica-marca-espetaculo-das-aguas-dancantes\/\" title=\"Proje\u00e7\u00e3o hologr\u00e1fica marca espet\u00e1culo das \u00c1guas Dan\u00e7antes\">\u00c1guas Dan\u00e7antes<\/a> j\u00e1 come\u00e7ou na Lagoa de Imboassica, prometendo repetir o sucesso do show visual que fascinou o p\u00fablico em 2023. Realizado pela Prefeitura de Maca\u00e9, com apoio da Secretaria Adjunta de Turismo, o evento integra a Vila do Papai Noel e diversas atra\u00e7\u00f5es culturais e de lazer gratuitas.<\/p>\n\n\n\n<p>Com a contagem regressiva j\u00e1 dispon\u00edvel no site <a href=\"http:\/\/macae.rj.gov.br\/natalmagia\">macae.rj.gov.br\/natalmagia<\/a>, o Natal Magia visa estimular o turismo e fortalecer a economia local. A programa\u00e7\u00e3o inclui apresenta\u00e7\u00f5es musicais, de dan\u00e7a e uma decora\u00e7\u00e3o especial que transforma a cidade em um destino festivo.<\/p>\n\n\n\n<p><strong>Dica para o Visitante:<\/strong> Programe-se para chegar cedo e garantir uma boa visualiza\u00e7\u00e3o das apresenta\u00e7\u00f5es. Al\u00e9m disso, explore a Vila do Papai Noel, que traz momentos m\u00e1gicos para fam\u00edlias e amigos. Fique de olho na programa\u00e7\u00e3o completa, que ser\u00e1 divulgada em breve, e n\u00e3o perca as atra\u00e7\u00f5es do Calend\u00e1rio de Eventos Tur\u00edsticos de Maca\u00e9!<\/p>\n\n\n\n<p><a href=\"https:\/\/www.macae.rj.gov.br\/noticias\/leitura\/noticia\/natal-magia-macae-se-prepara-para-edicao-2024\" title=\"\">Fonte: Secom Pref de Maca\u00e9<\/a><\/p>\n\n\n\n<p><\/p>\n","protected":false},"excerpt":{"rendered":"<p>O Natal Magia em Maca\u00e9 promete mais uma vez encantar moradores e turistas com a tradicional programa\u00e7\u00e3o natalina, que movimenta a cidade e atrai visitantes, elevando a ocupa\u00e7\u00e3o dos hot\u00e9is para quase 100% nesta \u00e9poca. A montagem da estrutura para o espet\u00e1culo das \u00c1guas Dan\u00e7antes j\u00e1 come\u00e7ou na Lagoa de Imboassica, prometendo repetir o sucesso [&hellip;]<\/p>\n","protected":false},"author":2,"featured_media":18640,"comment_status":"closed","ping_status":"closed","sticky":false,"template":"","format":"standard","meta":{"postBodyCss":"","postBodyMargin":[],"postBodyPadding":[],"postBodyBackground":{"backgroundType":"classic","gradient":""},"footnotes":""},"categories":[86,42],"tags":[531,805,89],"class_list":["post-18639","post","type-post","status-publish","format-standard","has-post-thumbnail","hentry","category-cultura","category-macae","tag-lagoa-de-imboassica","tag-natal","tag-prefeitura"],"aioseo_notices":[],"_links":{"self":[{"href":"https:\/\/aconteceemmacaeeregiao.com.br\/index.php\/wp-json\/wp\/v2\/posts\/18639","targetHints":{"allow":["GET"]}}],"collection":[{"href":"https:\/\/aconteceemmacaeeregiao.com.br\/index.php\/wp-json\/wp\/v2\/posts"}],"about":[{"href":"https:\/\/aconteceemmacaeeregiao.com.br\/index.php\/wp-json\/wp\/v2\/types\/post"}],"author":[{"embeddable":true,"href":"https:\/\/aconteceemmacaeeregiao.com.br\/index.php\/wp-json\/wp\/v2\/users\/2"}],"replies":[{"embeddable":true,"href":"https:\/\/aconteceemmacaeeregiao.com.br\/index.php\/wp-json\/wp\/v2\/comments?post=18639"}],"version-history":[{"count":0,"href":"https:\/\/aconteceemmacaeeregiao.com.br\/index.php\/wp-json\/wp\/v2\/posts\/18639\/revisions"}],"wp:featuredmedia":[{"embeddable":true,"href":"https:\/\/aconteceemmacaeeregiao.com.br\/index.php\/wp-json\/wp\/v2\/media\/18640"}],"wp:attachment":[{"href":"https:\/\/aconteceemmacaeeregiao.com.br\/index.php\/wp-json\/wp\/v2\/media?parent=18639"}],"wp:term":[{"taxonomy":"category","embeddable":true,"href":"https:\/\/aconteceemmacaeeregiao.com.br\/index.php\/wp-json\/wp\/v2\/categories?post=18639"},{"taxonomy":"post_tag","embeddable":true,"href":"https:\/\/aconteceemmacaeeregiao.com.br\/index.php\/wp-json\/wp\/v2\/tags?post=18639"}],"curies":[{"name":"wp","href":"https:\/\/api.w.org\/{rel}","templated":true}]}}