{"id":18687,"date":"2024-11-22T22:41:48","date_gmt":"2024-11-23T01:41:48","guid":{"rendered":"https:\/\/aconteceemmacaeeregiao.com.br\/?p=18687"},"modified":"2024-11-22T22:41:49","modified_gmt":"2024-11-23T01:41:49","slug":"revitalizacao-da-lagoa-da-ferradura-em-buzios-esta-concluida","status":"publish","type":"post","link":"https:\/\/aconteceemmacaeeregiao.com.br\/index.php\/2024\/11\/22\/revitalizacao-da-lagoa-da-ferradura-em-buzios-esta-concluida\/","title":{"rendered":"Revitaliza\u00e7\u00e3o da Lagoa da Ferradura em B\u00fazios est\u00e1 conclu\u00edda"},"content":{"rendered":"\n<p>A Prefeitura de B\u00fazios finalizou a revitaliza\u00e7\u00e3o da <strong><a href=\"https:\/\/aconteceemmacaeeregiao.com.br\/index.php\/2023\/10\/05\/buzios-e-um-dos-destinos-de-praia-mais-recomendados-por-brasileiros-para-viajar-com-criancas\/\" title=\"B\u00fazios \u00e9 um dos destinos de praia mais recomendados por brasileiros para viajar com crian\u00e7as\">Lagoa da Ferradura<\/a><\/strong>, um dos pontos tur\u00edsticos mais importantes da cidade. O projeto incluiu a constru\u00e7\u00e3o de <strong>4 decks<\/strong> e <strong>2 pontes<\/strong>, al\u00e9m de melhorias que transformam o local em um espa\u00e7o de contempla\u00e7\u00e3o para moradores e turistas.<\/p>\n\n\n\n<p><strong>Principais a\u00e7\u00f5es realizadas:<\/strong><\/p>\n\n\n\n<ul class=\"wp-block-list\">\n<li><strong>Remo\u00e7\u00e3o de res\u00edduos s\u00f3lidos<\/strong><\/li>\n\n\n\n<li><strong>Reposi\u00e7\u00e3o de 150 esp\u00e9cies nativas<\/strong><\/li>\n\n\n\n<li><strong>Estrutura\u00e7\u00e3o de trilha de 2.150 metros<\/strong>, integrada ao B\u00fazios EcoTrail<\/li>\n<\/ul>\n\n\n\n<p>O secret\u00e1rio de Ambiente e Urbanismo, <strong>Evanildo Nascimento<\/strong>, ressaltou a import\u00e2ncia da preserva\u00e7\u00e3o da \u00e1rea: \u201cA Lagoa possui esp\u00e9cies raras e importantes. Agora, moradores e <a href=\"https:\/\/aconteceemmacaeeregiao.com.br\/index.php\/2024\/09\/06\/condetur-costa-do-sol-avanca-em-acoes-de-seguranca-para-turistas-na-regiao\/\" title=\"Condetur Costa do Sol avan\u00e7a em a\u00e7\u00f5es de seguran\u00e7a para turistas na regi\u00e3o\">turistas<\/a> podem desfrutar do ecoturismo com responsabilidade.\u201d<\/p>\n\n\n\n<figure class=\"wp-block-image size-full\"><img fetchpriority=\"high\" decoding=\"async\" width=\"1024\" height=\"768\" src=\"https:\/\/aconteceemmacaeeregiao.com.br\/wp-content\/uploads\/2024\/11\/WhatsApp-Image-2024-11-22-at-13.53.51-1024x768-1.webp\" alt=\"\" class=\"wp-image-18689\" srcset=\"https:\/\/aconteceemmacaeeregiao.com.br\/wp-content\/uploads\/2024\/11\/WhatsApp-Image-2024-11-22-at-13.53.51-1024x768-1.webp 1024w, https:\/\/aconteceemmacaeeregiao.com.br\/wp-content\/uploads\/2024\/11\/WhatsApp-Image-2024-11-22-at-13.53.51-1024x768-1-300x225.webp 300w, https:\/\/aconteceemmacaeeregiao.com.br\/wp-content\/uploads\/2024\/11\/WhatsApp-Image-2024-11-22-at-13.53.51-1024x768-1-768x576.webp 768w\" sizes=\"(max-width: 1024px) 100vw, 1024px\" \/><\/figure>\n\n\n\n<p><strong>\ud83c\udf31 Dica de Conscientiza\u00e7\u00e3o:<\/strong><br>Ao visitar a Lagoa, <strong>preserve o ambiente<\/strong>:<\/p>\n\n\n\n<ul class=\"wp-block-list\">\n<li>N\u00e3o jogue lixo no local.<\/li>\n\n\n\n<li>Evite danos \u00e0s estruturas, como picha\u00e7\u00e3o.<\/li>\n\n\n\n<li>Respeite a flora e fauna nativas.<\/li>\n<\/ul>\n\n\n\n<p>A revitaliza\u00e7\u00e3o refor\u00e7a o compromisso de B\u00fazios com a preserva\u00e7\u00e3o ambiental, tornando a Lagoa um espa\u00e7o seguro e agrad\u00e1vel para todos. \ud83c\udf0a<\/p>\n","protected":false},"excerpt":{"rendered":"<p>A Prefeitura de B\u00fazios finalizou a revitaliza\u00e7\u00e3o da Lagoa da Ferradura, um dos pontos tur\u00edsticos mais importantes da cidade. O projeto incluiu a constru\u00e7\u00e3o de 4 decks e 2 pontes, al\u00e9m de melhorias que transformam o local em um espa\u00e7o de contempla\u00e7\u00e3o para moradores e turistas. Principais a\u00e7\u00f5es realizadas: O secret\u00e1rio de Ambiente e Urbanismo, [&hellip;]<\/p>\n","protected":false},"author":2,"featured_media":18688,"comment_status":"closed","ping_status":"closed","sticky":false,"template":"","format":"standard","meta":{"postBodyCss":"","postBodyMargin":[],"postBodyPadding":[],"postBodyBackground":{"backgroundType":"classic","gradient":""},"footnotes":""},"categories":[168,67,43],"tags":[],"class_list":["post-18687","post","type-post","status-publish","format-standard","has-post-thumbnail","hentry","category-buzios","category-meio-ambiente","category-regiao"],"aioseo_notices":[],"_links":{"self":[{"href":"https:\/\/aconteceemmacaeeregiao.com.br\/index.php\/wp-json\/wp\/v2\/posts\/18687","targetHints":{"allow":["GET"]}}],"collection":[{"href":"https:\/\/aconteceemmacaeeregiao.com.br\/index.php\/wp-json\/wp\/v2\/posts"}],"about":[{"href":"https:\/\/aconteceemmacaeeregiao.com.br\/index.php\/wp-json\/wp\/v2\/types\/post"}],"author":[{"embeddable":true,"href":"https:\/\/aconteceemmacaeeregiao.com.br\/index.php\/wp-json\/wp\/v2\/users\/2"}],"replies":[{"embeddable":true,"href":"https:\/\/aconteceemmacaeeregiao.com.br\/index.php\/wp-json\/wp\/v2\/comments?post=18687"}],"version-history":[{"count":0,"href":"https:\/\/aconteceemmacaeeregiao.com.br\/index.php\/wp-json\/wp\/v2\/posts\/18687\/revisions"}],"wp:featuredmedia":[{"embeddable":true,"href":"https:\/\/aconteceemmacaeeregiao.com.br\/index.php\/wp-json\/wp\/v2\/media\/18688"}],"wp:attachment":[{"href":"https:\/\/aconteceemmacaeeregiao.com.br\/index.php\/wp-json\/wp\/v2\/media?parent=18687"}],"wp:term":[{"taxonomy":"category","embeddable":true,"href":"https:\/\/aconteceemmacaeeregiao.com.br\/index.php\/wp-json\/wp\/v2\/categories?post=18687"},{"taxonomy":"post_tag","embeddable":true,"href":"https:\/\/aconteceemmacaeeregiao.com.br\/index.php\/wp-json\/wp\/v2\/tags?post=18687"}],"curies":[{"name":"wp","href":"https:\/\/api.w.org\/{rel}","templated":true}]}}