{"id":18692,"date":"2024-11-30T13:38:10","date_gmt":"2024-11-30T16:38:10","guid":{"rendered":"https:\/\/aconteceemmacaeeregiao.com.br\/?p=18692"},"modified":"2024-11-30T13:38:11","modified_gmt":"2024-11-30T16:38:11","slug":"instituicao-de-ensino-superior-oferece-mais-de-600-cursos-de-ferias-gratuitos-e-presenciais","status":"publish","type":"post","link":"https:\/\/aconteceemmacaeeregiao.com.br\/index.php\/2024\/11\/30\/instituicao-de-ensino-superior-oferece-mais-de-600-cursos-de-ferias-gratuitos-e-presenciais\/","title":{"rendered":"Institui\u00e7\u00e3o de Ensino Superior oferece mais de 600 cursos de f\u00e9rias gratuitos e presenciais"},"content":{"rendered":"\n<p><em>Os interessados poder\u00e3o fazer suas inscri\u00e7\u00f5es gratuitas por meio do site da institui\u00e7\u00e3o de ensino\u00a0 superior ou indo pessoalmente a um dos campi<\/em><\/p>\n\n\n\n<p>No cen\u00e1rio atual, onde a din\u00e2mica do mercado de trabalho exige constante atualiza\u00e7\u00e3o e aquisi\u00e7\u00e3o de novas habilidades, as f\u00e9rias no final de ano surgem como uma excelente oportunidade para investir em educa\u00e7\u00e3o. Os <a href=\"https:\/\/aconteceemmacaeeregiao.com.br\/index.php\/2024\/10\/15\/senac-rj-abre-inscricoes-para-cursos-de-qualificacao-no-noroeste-fluminense\/\" title=\"Senac RJ abre inscri\u00e7\u00f5es para cursos de qualifica\u00e7\u00e3o no Noroeste Fluminense\">cursos<\/a> de f\u00e9rias se destacam como uma ferramenta essencial para aprimorar conhecimentos em diversas \u00e1reas, oferecendo uma chance de ampliar horizontes, desenvolver compet\u00eancias e se preparar os novos desafios da carreira profissional.\u00a0\u00a0Diante desse cen\u00e1rio, a Est\u00e1cio anuncia a abertura de mais de 24 mil vagas para os cursos de f\u00e9rias de final de ano, com aulas 100% presenciais e gratuitas. S\u00e3o mais de 650 op\u00e7\u00f5es, de curta dura\u00e7\u00e3o, em Tecnologia, Gest\u00e3o, Marketing, Finan\u00e7as e Sa\u00fade, dispon\u00edveis entre dezembro de 2024 e fevereiro de 2025. Os cursos abrangem os estados do Rio de Janeiro, Minas Gerais, S\u00e3o Paulo e Esp\u00edrito Santo, com o intuito de ajudar a popula\u00e7\u00e3o local a desenvolver novas habilidades pr\u00e1ticas e se preparar para o mercado de trabalho. Ap\u00f3s a conclus\u00e3o, todos os participantes ir\u00e3o receber um certificado oficial da Est\u00e1cio. Para obter mais informa\u00e7\u00f5es basta acessar <strong><u><a href=\"https:\/\/estacio.br\/ferias\" target=\"_blank\" rel=\"noreferrer noopener\">estacio.br\/ferias<\/a><\/u>.<\/strong>\u00a0\u00a0<\/p>\n\n\n\n<p>A iniciativa visa proporcionar uma experi\u00eancia transformadora durante o per\u00edodo de recesso, na qual os estudantes podem contar com conte\u00fados relevantes, professores did\u00e1ticos e um formato intensivo, que inclui de um a quatro encontros presenciais. \u201cOs cursos de f\u00e9rias da Est\u00e1cio s\u00e3o uma excelente <a href=\"https:\/\/aconteceemmacaeeregiao.com.br\/index.php\/2024\/10\/16\/leroy-merlin-abre-vagas-no-rio-de-janeiro-oportunidades-em-diversas-areas\/\" title=\"LEROY MERLIN Abre vagas no Rio de Janeiro: Oportunidades em diversas \u00e1reas\">oportunidade<\/a> para quem busca acelerar o desenvolvimento profissional de forma pr\u00e1tica e direcionada. \u00c9 uma chance de se destacar no mercado de trabalho com novas compet\u00eancias e certifica\u00e7\u00f5es reconhecidas\u201d, afirma Juliana Pereira, gerente comercial regional da Est\u00e1cio.\u00a0\u00a0<\/p>\n\n\n\n<p>As vagas s\u00e3o limitadas e, em caso de desist\u00eancias, os candidatos em lista de espera s\u00e3o acionados para garantir o aproveitamento m\u00e1ximo das turmas. A Est\u00e1cio reafirma o compromisso em levar educa\u00e7\u00e3o de qualidade a quem deseja explorar novas \u00e1reas e valorizar o curr\u00edculo. Para realizar a inscri\u00e7\u00e3o, acesse o site <strong><u><a href=\"https:\/\/estacio.br\/ferias\" target=\"_blank\" rel=\"noreferrer noopener\">https:\/\/estacio.br\/ferias<\/a><\/u><\/strong>.&nbsp;<\/p>\n","protected":false},"excerpt":{"rendered":"<p>Os interessados poder\u00e3o fazer suas inscri\u00e7\u00f5es gratuitas por meio do site da institui\u00e7\u00e3o de ensino\u00a0 superior ou indo pessoalmente a um dos campi No cen\u00e1rio atual, onde a din\u00e2mica do mercado de trabalho exige constante atualiza\u00e7\u00e3o e aquisi\u00e7\u00e3o de novas habilidades, as f\u00e9rias no final de ano surgem como uma excelente oportunidade para investir em [&hellip;]<\/p>\n","protected":false},"author":2,"featured_media":18693,"comment_status":"closed","ping_status":"closed","sticky":false,"template":"","format":"standard","meta":{"postBodyCss":"","postBodyMargin":[],"postBodyPadding":[],"postBodyBackground":{"backgroundType":"classic","gradient":""},"footnotes":""},"categories":[61,42],"tags":[198,132,126,167],"class_list":["post-18692","post","type-post","status-publish","format-standard","has-post-thumbnail","hentry","category-educacao","category-macae","tag-cursos","tag-cursos-gratuitos","tag-ferias","tag-universitarios"],"aioseo_notices":[],"_links":{"self":[{"href":"https:\/\/aconteceemmacaeeregiao.com.br\/index.php\/wp-json\/wp\/v2\/posts\/18692","targetHints":{"allow":["GET"]}}],"collection":[{"href":"https:\/\/aconteceemmacaeeregiao.com.br\/index.php\/wp-json\/wp\/v2\/posts"}],"about":[{"href":"https:\/\/aconteceemmacaeeregiao.com.br\/index.php\/wp-json\/wp\/v2\/types\/post"}],"author":[{"embeddable":true,"href":"https:\/\/aconteceemmacaeeregiao.com.br\/index.php\/wp-json\/wp\/v2\/users\/2"}],"replies":[{"embeddable":true,"href":"https:\/\/aconteceemmacaeeregiao.com.br\/index.php\/wp-json\/wp\/v2\/comments?post=18692"}],"version-history":[{"count":0,"href":"https:\/\/aconteceemmacaeeregiao.com.br\/index.php\/wp-json\/wp\/v2\/posts\/18692\/revisions"}],"wp:featuredmedia":[{"embeddable":true,"href":"https:\/\/aconteceemmacaeeregiao.com.br\/index.php\/wp-json\/wp\/v2\/media\/18693"}],"wp:attachment":[{"href":"https:\/\/aconteceemmacaeeregiao.com.br\/index.php\/wp-json\/wp\/v2\/media?parent=18692"}],"wp:term":[{"taxonomy":"category","embeddable":true,"href":"https:\/\/aconteceemmacaeeregiao.com.br\/index.php\/wp-json\/wp\/v2\/categories?post=18692"},{"taxonomy":"post_tag","embeddable":true,"href":"https:\/\/aconteceemmacaeeregiao.com.br\/index.php\/wp-json\/wp\/v2\/tags?post=18692"}],"curies":[{"name":"wp","href":"https:\/\/api.w.org\/{rel}","templated":true}]}}