{"id":18754,"date":"2024-12-06T21:38:15","date_gmt":"2024-12-07T00:38:15","guid":{"rendered":"https:\/\/aconteceemmacaeeregiao.com.br\/?p=18754"},"modified":"2024-12-06T21:38:15","modified_gmt":"2024-12-07T00:38:15","slug":"policia-federal-alerta-cabo-frio-sobre-lei-que-autoriza-guarda-municipal-a-portar-armas-de-fogo","status":"publish","type":"post","link":"https:\/\/aconteceemmacaeeregiao.com.br\/index.php\/2024\/12\/06\/policia-federal-alerta-cabo-frio-sobre-lei-que-autoriza-guarda-municipal-a-portar-armas-de-fogo\/","title":{"rendered":"Pol\u00edcia Federal alerta Cabo Frio sobre lei que autoriza Guarda Municipal a portar armas de fogo"},"content":{"rendered":"\n<p>A Pol\u00edcia Federal notificou a Prefeitura de Cabo Frio, nesta quarta-feira (4), sobre a <strong>Lei Municipal n\u00ba 4.133\/2024<\/strong>, que autoriza o porte de armas de fogo pela<a href=\"https:\/\/aconteceemmacaeeregiao.com.br\/index.php\/2024\/11\/13\/policia-civil-de-macae-prende-suspeito-de-receptacao-e-adulteracao-de-veiculo\/\" title=\"Pol\u00edcia Civil de Maca\u00e9 Prende Suspeito de Recepta\u00e7\u00e3o e Adultera\u00e7\u00e3o de Ve\u00edculo\"> Guarda Civil Municipal<\/a>. A notifica\u00e7\u00e3o destaca a inconstitucionalidade da lei, uma vez que a compet\u00eancia para legislar sobre o porte de armas \u00e9 exclusiva da Uni\u00e3o, conforme a Constitui\u00e7\u00e3o Federal.<\/p>\n\n\n\n<p>Embora a <strong>Lei n\u00ba 10.826\/2003 (Lei do Desarmamento)<\/strong> permita o porte de armas para guardas municipais, ela exige acordos espec\u00edficos com a <a href=\"https:\/\/aconteceemmacaeeregiao.com.br\/index.php\/2024\/09\/18\/policia-federal-captura-foragido-de-homicidio-em-macae\/\" title=\"Pol\u00edcia Federal captura foragido de homic\u00eddio em Maca\u00e9\">Pol\u00edcia Federal<\/a> e a forma\u00e7\u00e3o adequada dos agentes, condi\u00e7\u00f5es que n\u00e3o foram atendidas em Cabo Frio. A falta de um acordo de coopera\u00e7\u00e3o t\u00e9cnica torna a aplica\u00e7\u00e3o da lei invi\u00e1vel e sujeita os guardas municipais ao risco de san\u00e7\u00f5es legais, incluindo pris\u00e3o.<\/p>\n\n\n\n<p>A Prefeitura esclareceu, em nota, que a lei aprovada pela <a href=\"https:\/\/aconteceemmacaeeregiao.com.br\/index.php\/2024\/05\/08\/mega-parque-aquatico-gera-audiencia-publica-na-camara-municipal\/\" title=\"Mega parque aqu\u00e1tico gera audi\u00eancia p\u00fablica na C\u00e2mara Municipal\">C\u00e2mara Municipal <\/a>apenas autoriza a regulamenta\u00e7\u00e3o pelo Poder Executivo, mas n\u00e3o houve medidas ou autoriza\u00e7\u00f5es para uso de armas. A constitucionalidade da norma ainda pode ser questionada no Tribunal de Justi\u00e7a do Estado do Rio de Janeiro.<\/p>\n\n\n\n<p><strong>Dica:<\/strong> O porte de armas \u00e9 uma quest\u00e3o delicada e regulamentada por normas rigorosas. Qualquer altera\u00e7\u00e3o exige di\u00e1logo entre os governos locais e federais, al\u00e9m de cumprir as exig\u00eancias legais para garantir a seguran\u00e7a da comunidade e dos pr\u00f3prios agentes.<\/p>\n\n\n\n<p><em><a href=\"https:\/\/g1.globo.com\/rj\/regiao-dos-lagos\/noticia\/2024\/12\/06\/policia-federal-notifica-prefeitura-de-cabo-frio-sobre-lei-municipal-que-autoriza-a-guarda-civil-a-portar-armas-de-fogo.ghtml\" title=\"\">Fonte: Portal G1<\/a><\/em><\/p>\n","protected":false},"excerpt":{"rendered":"<p>A Pol\u00edcia Federal notificou a Prefeitura de Cabo Frio, nesta quarta-feira (4), sobre a Lei Municipal n\u00ba 4.133\/2024, que autoriza o porte de armas de fogo pela Guarda Civil Municipal. A notifica\u00e7\u00e3o destaca a inconstitucionalidade da lei, uma vez que a compet\u00eancia para legislar sobre o porte de armas \u00e9 exclusiva da Uni\u00e3o, conforme a [&hellip;]<\/p>\n","protected":false},"author":2,"featured_media":18755,"comment_status":"closed","ping_status":"closed","sticky":false,"template":"","format":"standard","meta":{"postBodyCss":"","postBodyMargin":[],"postBodyPadding":[],"postBodyBackground":{"backgroundType":"classic","gradient":""},"footnotes":""},"categories":[155,47],"tags":[848,552,496,89],"class_list":["post-18754","post","type-post","status-publish","format-standard","has-post-thumbnail","hentry","category-cabo-frio","category-ocorrencias","tag-armas","tag-guarda-maritima","tag-policia-civil","tag-prefeitura"],"aioseo_notices":[],"_links":{"self":[{"href":"https:\/\/aconteceemmacaeeregiao.com.br\/index.php\/wp-json\/wp\/v2\/posts\/18754","targetHints":{"allow":["GET"]}}],"collection":[{"href":"https:\/\/aconteceemmacaeeregiao.com.br\/index.php\/wp-json\/wp\/v2\/posts"}],"about":[{"href":"https:\/\/aconteceemmacaeeregiao.com.br\/index.php\/wp-json\/wp\/v2\/types\/post"}],"author":[{"embeddable":true,"href":"https:\/\/aconteceemmacaeeregiao.com.br\/index.php\/wp-json\/wp\/v2\/users\/2"}],"replies":[{"embeddable":true,"href":"https:\/\/aconteceemmacaeeregiao.com.br\/index.php\/wp-json\/wp\/v2\/comments?post=18754"}],"version-history":[{"count":0,"href":"https:\/\/aconteceemmacaeeregiao.com.br\/index.php\/wp-json\/wp\/v2\/posts\/18754\/revisions"}],"wp:featuredmedia":[{"embeddable":true,"href":"https:\/\/aconteceemmacaeeregiao.com.br\/index.php\/wp-json\/wp\/v2\/media\/18755"}],"wp:attachment":[{"href":"https:\/\/aconteceemmacaeeregiao.com.br\/index.php\/wp-json\/wp\/v2\/media?parent=18754"}],"wp:term":[{"taxonomy":"category","embeddable":true,"href":"https:\/\/aconteceemmacaeeregiao.com.br\/index.php\/wp-json\/wp\/v2\/categories?post=18754"},{"taxonomy":"post_tag","embeddable":true,"href":"https:\/\/aconteceemmacaeeregiao.com.br\/index.php\/wp-json\/wp\/v2\/tags?post=18754"}],"curies":[{"name":"wp","href":"https:\/\/api.w.org\/{rel}","templated":true}]}}