{"id":18764,"date":"2024-12-10T19:53:07","date_gmt":"2024-12-10T22:53:07","guid":{"rendered":"https:\/\/aconteceemmacaeeregiao.com.br\/?p=18764"},"modified":"2024-12-10T21:17:32","modified_gmt":"2024-12-11T00:17:32","slug":"igreja-de-sao-joao-batista-reabre-apos-restauro-em-barra-de-sao-joao","status":"publish","type":"post","link":"https:\/\/aconteceemmacaeeregiao.com.br\/index.php\/2024\/12\/10\/igreja-de-sao-joao-batista-reabre-apos-restauro-em-barra-de-sao-joao\/","title":{"rendered":"Igreja de S\u00e3o Jo\u00e3o Batista reabre ap\u00f3s restauro em Barra de S\u00e3o Jo\u00e3o"},"content":{"rendered":"\n<p>A hist\u00f3rica <strong>Igreja de S\u00e3o Jo\u00e3o Batista<\/strong>, constru\u00edda em <strong>1619<\/strong>, ser\u00e1 reaberta \u00e0 popula\u00e7\u00e3o nesta <strong>sexta-feira (13), \u00e0s 16h30<\/strong>, com uma missa solene marcada para as <strong>18h<\/strong>. A conclus\u00e3o da obra de restaura\u00e7\u00e3o, supervisionada pelo <strong>INEPAC (Instituto Estadual do Patrim\u00f4nio Cultural)<\/strong>, refor\u00e7a o compromisso com a preserva\u00e7\u00e3o deste <a href=\"https:\/\/aconteceemmacaeeregiao.com.br\/index.php\/2024\/07\/01\/estacao-ferroviaria-de-glicerio-sera-transformada-em-espaco-cultural\/\" title=\"Esta\u00e7\u00e3o Ferrovi\u00e1ria de Glic\u00e9rio ser\u00e1 transformada em espa\u00e7o cultural\">patrim\u00f4nio<\/a> hist\u00f3rico e cultural de <strong>Barra de S\u00e3o Jo\u00e3o<\/strong>.<\/p>\n\n\n\n<p><strong>Um Patrim\u00f4nio de 400 Anos<\/strong><br>Considerada a constru\u00e7\u00e3o mais antiga do munic\u00edpio, a igreja, localizada na <strong>foz do Rio S\u00e3o Jo\u00e3o<\/strong>, \u00e9 um s\u00edmbolo da regi\u00e3o e um dos principais <strong>cart\u00f5es-postais<\/strong> locais. O restauro assegura que sua relev\u00e2ncia arquitet\u00f4nica e hist\u00f3rica seja preservada para as futuras gera\u00e7\u00f5es.<\/p>\n\n\n\n<p><strong>Compromisso com a Hist\u00f3ria<\/strong><br>A \u00faltima vistoria, realizada em <strong>28 de junho<\/strong> por t\u00e9cnicos do INEPAC, contou com representantes da Funda\u00e7\u00e3o Cultural, da Secretaria de Obras e da empresa respons\u00e1vel pela restaura\u00e7\u00e3o.<\/p>\n\n\n\n<p><strong>Participe!<\/strong> Celebre este momento de valoriza\u00e7\u00e3o cultural e religiosa.<\/p>\n","protected":false},"excerpt":{"rendered":"<p>A hist\u00f3rica Igreja de S\u00e3o Jo\u00e3o Batista, constru\u00edda em 1619, ser\u00e1 reaberta \u00e0 popula\u00e7\u00e3o nesta sexta-feira (13), \u00e0s 16h30, com uma missa solene marcada para as 18h. A conclus\u00e3o da obra de restaura\u00e7\u00e3o, supervisionada pelo INEPAC (Instituto Estadual do Patrim\u00f4nio Cultural), refor\u00e7a o compromisso com a preserva\u00e7\u00e3o deste patrim\u00f4nio hist\u00f3rico e cultural de Barra de [&hellip;]<\/p>\n","protected":false},"author":2,"featured_media":18765,"comment_status":"closed","ping_status":"closed","sticky":false,"template":"","format":"standard","meta":{"postBodyCss":"","postBodyMargin":[],"postBodyPadding":[],"postBodyBackground":{"backgroundType":"classic","gradient":""},"footnotes":""},"categories":[51,86,43],"tags":[595,59,89,322],"class_list":["post-18764","post","type-post","status-publish","format-standard","has-post-thumbnail","hentry","category-barra-de-sao-joao","category-cultura","category-regiao","tag-igreja","tag-obras","tag-prefeitura","tag-religiao"],"aioseo_notices":[],"_links":{"self":[{"href":"https:\/\/aconteceemmacaeeregiao.com.br\/index.php\/wp-json\/wp\/v2\/posts\/18764","targetHints":{"allow":["GET"]}}],"collection":[{"href":"https:\/\/aconteceemmacaeeregiao.com.br\/index.php\/wp-json\/wp\/v2\/posts"}],"about":[{"href":"https:\/\/aconteceemmacaeeregiao.com.br\/index.php\/wp-json\/wp\/v2\/types\/post"}],"author":[{"embeddable":true,"href":"https:\/\/aconteceemmacaeeregiao.com.br\/index.php\/wp-json\/wp\/v2\/users\/2"}],"replies":[{"embeddable":true,"href":"https:\/\/aconteceemmacaeeregiao.com.br\/index.php\/wp-json\/wp\/v2\/comments?post=18764"}],"version-history":[{"count":0,"href":"https:\/\/aconteceemmacaeeregiao.com.br\/index.php\/wp-json\/wp\/v2\/posts\/18764\/revisions"}],"wp:featuredmedia":[{"embeddable":true,"href":"https:\/\/aconteceemmacaeeregiao.com.br\/index.php\/wp-json\/wp\/v2\/media\/18765"}],"wp:attachment":[{"href":"https:\/\/aconteceemmacaeeregiao.com.br\/index.php\/wp-json\/wp\/v2\/media?parent=18764"}],"wp:term":[{"taxonomy":"category","embeddable":true,"href":"https:\/\/aconteceemmacaeeregiao.com.br\/index.php\/wp-json\/wp\/v2\/categories?post=18764"},{"taxonomy":"post_tag","embeddable":true,"href":"https:\/\/aconteceemmacaeeregiao.com.br\/index.php\/wp-json\/wp\/v2\/tags?post=18764"}],"curies":[{"name":"wp","href":"https:\/\/api.w.org\/{rel}","templated":true}]}}