{"id":18827,"date":"2024-12-19T17:53:17","date_gmt":"2024-12-19T20:53:17","guid":{"rendered":"https:\/\/aconteceemmacaeeregiao.com.br\/?p=18827"},"modified":"2024-12-19T17:53:18","modified_gmt":"2024-12-19T20:53:18","slug":"falta-de-saneamento-basico-doencas-evitaveis-afetam-milhoes-de-brasileiros-e-sobrecarregam-a-saude-publica","status":"publish","type":"post","link":"https:\/\/aconteceemmacaeeregiao.com.br\/index.php\/2024\/12\/19\/falta-de-saneamento-basico-doencas-evitaveis-afetam-milhoes-de-brasileiros-e-sobrecarregam-a-saude-publica\/","title":{"rendered":"Falta de saneamento b\u00e1sico: doen\u00e7as evit\u00e1veis afetam milh\u00f5es de brasileiros e sobrecarregam a sa\u00fade p\u00fablica"},"content":{"rendered":"\n<p>Um levantamento do <strong>Instituto Trata Brasil<\/strong>, com base nos dados de 2021 do <strong>Sistema Nacional de Informa\u00e7\u00f5es sobre <a href=\"https:\/\/aconteceemmacaeeregiao.com.br\/index.php\/2024\/10\/18\/investimentos-em-saneamento-melhoram-infraestrutura-de-esgoto-em-macae\/\" title=\"Investimentos em Saneamento Melhoram Infraestrutura de Esgoto em Maca\u00e9\">Saneamento<\/a> (SNIS)<\/strong>, revelou que <strong>100 milh\u00f5es de brasileiros<\/strong> vivem sem acesso \u00e0 rede de esgoto e <strong>35 milh\u00f5es<\/strong> enfrentam a falta de \u00e1gua pot\u00e1vel. Essa situa\u00e7\u00e3o gera impactos graves na sa\u00fade p\u00fablica e nos custos do sistema de sa\u00fade.<\/p>\n\n\n\n<h3 class=\"wp-block-heading\">\ud83d\udea8 <strong>Doen\u00e7as causadas pela falta de saneamento<\/strong><\/h3>\n\n\n\n<p>A aus\u00eancia de saneamento adequado leva a uma s\u00e9rie de doen\u00e7as evit\u00e1veis, como:<\/p>\n\n\n\n<ul class=\"wp-block-list\">\n<li><strong>Diarreia infecciosa<\/strong><\/li>\n\n\n\n<li><strong>Hepatite A<\/strong><\/li>\n\n\n\n<li><strong>C\u00f3lera<\/strong><\/li>\n\n\n\n<li><strong>Leptospirose<\/strong><\/li>\n\n\n\n<li><strong>Esquistossomose<\/strong><\/li>\n\n\n\n<li><strong>Febre tif\u00f3ide<\/strong><\/li>\n\n\n\n<li><strong>Infec\u00e7\u00f5es dermatol\u00f3gicas e oftalmol\u00f3gicas<\/strong><\/li>\n<\/ul>\n\n\n\n<p>De acordo com o <strong><a href=\"https:\/\/aconteceemmacaeeregiao.com.br\/index.php\/2024\/06\/22\/ministerio-da-saude-reforca-importancia-da-vacinacao-contra-a-gripe\/\" title=\"Minist\u00e9rio da Sa\u00fade refor\u00e7a import\u00e2ncia da vacina\u00e7\u00e3o contra a gripe\">Minist\u00e9rio da Sa\u00fade<\/a><\/strong>, em 2023, foram registradas <strong>191 mil interna\u00e7\u00f5es<\/strong> por doen\u00e7as relacionadas \u00e0 falta de saneamento, um aumento em rela\u00e7\u00e3o \u00e0s <strong>143 mil de 2022<\/strong>. Crian\u00e7as s\u00e3o as mais vulner\u00e1veis, sofrendo preju\u00edzos na sa\u00fade e na educa\u00e7\u00e3o devido \u00e0s constantes faltas escolares causadas por enfermidades.<\/p>\n\n\n\n<h3 class=\"wp-block-heading\">\ud83d\udcb0 <strong>Impacto econ\u00f4mico e social<\/strong><\/h3>\n\n\n\n<p>A <strong>Organiza\u00e7\u00e3o Mundial da Sa\u00fade (OMS)<\/strong> aponta que cada d\u00f3lar investido em saneamento representa uma economia de at\u00e9 <strong>US$ 4<\/strong> em gastos com sa\u00fade p\u00fablica. A falta de saneamento b\u00e1sico afeta diretamente a <strong>produtividade<\/strong>, o <strong>absente\u00edsmo<\/strong> e o desenvolvimento econ\u00f4mico do pa\u00eds.<\/p>\n\n\n\n<p>A engenheira civil <strong>Sibylle Muller<\/strong>, CEO da <strong>NeoAcqua<\/strong>, defende que solu\u00e7\u00f5es como <strong>sistemas descentralizados de tratamento de esgoto<\/strong> podem ser alternativas eficientes e econ\u00f4micas para ampliar o acesso. Segundo ela, \u00e9 necess\u00e1rio um esfor\u00e7o conjunto entre <strong>governos e o setor privado<\/strong> para expandir essas solu\u00e7\u00f5es e reduzir a <a href=\"https:\/\/aconteceemmacaeeregiao.com.br\/index.php\/2023\/10\/27\/brk-participa-de-audiencia-publica-que-debateu-alternativas-para-despoluicao-da-lagoa-de-imboassica\/\" title=\"BRK participa de Audi\u00eancia P\u00fablica que debateu alternativas para despolui\u00e7\u00e3o da Lagoa de Imboassica\">polui\u00e7\u00e3o<\/a> dos recursos h\u00eddricos.<\/p>\n\n\n\n<h3 class=\"wp-block-heading\">\ud83c\udfd7\ufe0f <strong>Prioridade nacional<\/strong><\/h3>\n\n\n\n<p>O d\u00e9ficit de saneamento no Brasil \u00e9 mais do que um problema de infraestrutura: ele compromete a qualidade de vida, agrava a pobreza e impede o desenvolvimento sustent\u00e1vel. Investir em saneamento b\u00e1sico \u00e9 fundamental para garantir sa\u00fade, dignidade e crescimento econ\u00f4mico ao pa\u00eds.<\/p>\n\n\n\n<p><strong>Sobre a NeoAcqua<\/strong><\/p>\n\n\n\n<p>A NeoAcqua, pioneira e especialista em economia verde a partir de sistemas de tratamento de \u00e1gua e esgoto, com expertise de mais de 23 anos de mercado, fornece \u00e0s empresas as melhores solu\u00e7\u00f5es em gest\u00e3o h\u00eddrica, desde o projeto inicial at\u00e9 a instala\u00e7\u00e3o e opera\u00e7\u00e3o dos processos de tratamento. Atualmente, a empresa j\u00e1 conta com implementa\u00e7\u00f5es de centenas de projetos, por todo Brasil, de tratamento de \u00e1gua e efluentes para munic\u00edpios, construtoras, ind\u00fastrias, galp\u00f5es, empreendimentos comerciais e residenciais de m\u00e9dio a grande porte. Saiba mais:<a href=\"https:\/\/neoacqua.com.br\/\" target=\"_blank\" rel=\"noreferrer noopener\">&nbsp;https:\/\/neoacqua.com.br\/<\/a><\/p>\n","protected":false},"excerpt":{"rendered":"<p>Um levantamento do Instituto Trata Brasil, com base nos dados de 2021 do Sistema Nacional de Informa\u00e7\u00f5es sobre Saneamento (SNIS), revelou que 100 milh\u00f5es de brasileiros vivem sem acesso \u00e0 rede de esgoto e 35 milh\u00f5es enfrentam a falta de \u00e1gua pot\u00e1vel. Essa situa\u00e7\u00e3o gera impactos graves na sa\u00fade p\u00fablica e nos custos do sistema [&hellip;]<\/p>\n","protected":false},"author":2,"featured_media":18828,"comment_status":"closed","ping_status":"closed","sticky":false,"template":"","format":"standard","meta":{"postBodyCss":"","postBodyMargin":[],"postBodyPadding":[],"postBodyBackground":{"backgroundType":"classic","gradient":""},"footnotes":""},"categories":[67,78],"tags":[770,663,139],"class_list":["post-18827","post","type-post","status-publish","format-standard","has-post-thumbnail","hentry","category-meio-ambiente","category-saude","tag-doencas","tag-governo-federal","tag-saneamento-basico"],"aioseo_notices":[],"_links":{"self":[{"href":"https:\/\/aconteceemmacaeeregiao.com.br\/index.php\/wp-json\/wp\/v2\/posts\/18827","targetHints":{"allow":["GET"]}}],"collection":[{"href":"https:\/\/aconteceemmacaeeregiao.com.br\/index.php\/wp-json\/wp\/v2\/posts"}],"about":[{"href":"https:\/\/aconteceemmacaeeregiao.com.br\/index.php\/wp-json\/wp\/v2\/types\/post"}],"author":[{"embeddable":true,"href":"https:\/\/aconteceemmacaeeregiao.com.br\/index.php\/wp-json\/wp\/v2\/users\/2"}],"replies":[{"embeddable":true,"href":"https:\/\/aconteceemmacaeeregiao.com.br\/index.php\/wp-json\/wp\/v2\/comments?post=18827"}],"version-history":[{"count":0,"href":"https:\/\/aconteceemmacaeeregiao.com.br\/index.php\/wp-json\/wp\/v2\/posts\/18827\/revisions"}],"wp:featuredmedia":[{"embeddable":true,"href":"https:\/\/aconteceemmacaeeregiao.com.br\/index.php\/wp-json\/wp\/v2\/media\/18828"}],"wp:attachment":[{"href":"https:\/\/aconteceemmacaeeregiao.com.br\/index.php\/wp-json\/wp\/v2\/media?parent=18827"}],"wp:term":[{"taxonomy":"category","embeddable":true,"href":"https:\/\/aconteceemmacaeeregiao.com.br\/index.php\/wp-json\/wp\/v2\/categories?post=18827"},{"taxonomy":"post_tag","embeddable":true,"href":"https:\/\/aconteceemmacaeeregiao.com.br\/index.php\/wp-json\/wp\/v2\/tags?post=18827"}],"curies":[{"name":"wp","href":"https:\/\/api.w.org\/{rel}","templated":true}]}}