{"id":18836,"date":"2024-12-19T18:19:26","date_gmt":"2024-12-19T21:19:26","guid":{"rendered":"https:\/\/aconteceemmacaeeregiao.com.br\/?p=18836"},"modified":"2024-12-19T18:19:27","modified_gmt":"2024-12-19T21:19:27","slug":"carreta-de-combustiveis-pega-fogo-na-br-101-em-rio-das-ostras-e-causa-interdicoes-no-transito","status":"publish","type":"post","link":"https:\/\/aconteceemmacaeeregiao.com.br\/index.php\/2024\/12\/19\/carreta-de-combustiveis-pega-fogo-na-br-101-em-rio-das-ostras-e-causa-interdicoes-no-transito\/","title":{"rendered":"Carreta de combust\u00edveis pega fogo na BR-101 em Rio das Ostras e causa interdi\u00e7\u00f5es no tr\u00e2nsito"},"content":{"rendered":"\n<p>Uma carreta transportando <strong>35 mil litros de gasolina e diesel<\/strong> pegou fogo na <strong>BR-101<\/strong>, em <strong>Rio das Ostras<\/strong>, por volta de <strong>00h15<\/strong> desta sexta-feira (13). O inc\u00eandio mobilizou os bombeiros e deixou a rodovia interditada nos dois sentidos. Uma v\u00edtima foi socorrida no local.<\/p>\n\n\n\n<h3 class=\"wp-block-heading\"><strong>Tr\u00e2nsito afetado ao longo do dia<\/strong><\/h3>\n\n\n\n<p>Ap\u00f3s o inc\u00eandio ser contido, a rodovia foi parcialmente liberada \u00e0s <strong>3h10<\/strong>, com o fluxo controlado em meia pista nos dois sentidos. Durante o dia, os ve\u00edculos puderam trafegar pelo acostamento no sentido <strong><a href=\"https:\/\/aconteceemmacaeeregiao.com.br\/index.php\/2024\/12\/17\/naturgy-e-petrobras-firmam-acordo-para-nova-reducao-do-preco-medio-do-gas-natural-no-estado-do-rio-de-janeiro\/\" title=\"Naturgy e Petrobras firmam acordo para nova redu\u00e7\u00e3o do pre\u00e7o m\u00e9dio do g\u00e1s natural no estado do Rio de Janeiro\">Rio de Janeiro<\/a><\/strong> e pela contram\u00e3o no sentido <strong>Campos dos Goytacazes<\/strong>.<\/p>\n\n\n\n<p>\u00c0s <strong>16h20<\/strong>, os bombeiros anunciaram a necessidade de interditar totalmente a pista para realizar o <strong>transbordo da carga<\/strong>. A concession\u00e1ria <strong>Autopista Fluminense<\/strong> fechou a rodovia nos km <strong>190<\/strong> e <strong>169<\/strong> \u00e0s <strong>17h28<\/strong>, com desvio do tr\u00e2nsito pelo centro de Rio das Ostras.<\/p>\n\n\n\n<h3 class=\"wp-block-heading\"><strong>Libera\u00e7\u00e3o gradual<\/strong><\/h3>\n\n\n\n<p>O transbordo foi realizado em <strong>nove compartimentos<\/strong>, com interdi\u00e7\u00f5es de aproximadamente <strong>30 minutos<\/strong> para cada transfer\u00eancia. \u00c0s <strong>18h40<\/strong>, o primeiro compartimento foi esvaziado, permitindo a libera\u00e7\u00e3o tempor\u00e1ria do tr\u00e2nsito em sistema <strong>pare e siga<\/strong> por <strong>10 minutos<\/strong>, antes de ser novamente interditado para prosseguir com a opera\u00e7\u00e3o.<\/p>\n\n\n\n<p>A situa\u00e7\u00e3o exigiu paci\u00eancia dos motoristas e aten\u00e7\u00e3o aos desvios e libera\u00e7\u00e3o tempor\u00e1ria do fluxo. As equipes seguiram trabalhando para garantir a seguran\u00e7a e normalizar o tr\u00e2nsito na regi\u00e3o.<\/p>\n\n\n\n<p><em><a href=\"https:\/\/g1.globo.com\/rj\/regiao-dos-lagos\/noticia\/2024\/12\/13\/carreta-de-combustiveis-pega-fogo-na-br-101-em-rio-das-ostras-veja-esquema-no-transito.ghtml\" title=\"\">Fonte Portal G1<\/a><\/em><\/p>\n","protected":false},"excerpt":{"rendered":"<p>Uma carreta transportando 35 mil litros de gasolina e diesel pegou fogo na BR-101, em Rio das Ostras, por volta de 00h15 desta sexta-feira (13). O inc\u00eandio mobilizou os bombeiros e deixou a rodovia interditada nos dois sentidos. Uma v\u00edtima foi socorrida no local. Tr\u00e2nsito afetado ao longo do dia Ap\u00f3s o inc\u00eandio ser contido, [&hellip;]<\/p>\n","protected":false},"author":2,"featured_media":18838,"comment_status":"closed","ping_status":"closed","sticky":false,"template":"","format":"standard","meta":{"postBodyCss":"","postBodyMargin":[],"postBodyPadding":[],"postBodyBackground":{"backgroundType":"classic","gradient":""},"footnotes":""},"categories":[47],"tags":[217,216,466],"class_list":["post-18836","post","type-post","status-publish","format-standard","has-post-thumbnail","hentry","category-ocorrencias","tag-acidente","tag-br-101","tag-transito-2"],"aioseo_notices":[],"_links":{"self":[{"href":"https:\/\/aconteceemmacaeeregiao.com.br\/index.php\/wp-json\/wp\/v2\/posts\/18836","targetHints":{"allow":["GET"]}}],"collection":[{"href":"https:\/\/aconteceemmacaeeregiao.com.br\/index.php\/wp-json\/wp\/v2\/posts"}],"about":[{"href":"https:\/\/aconteceemmacaeeregiao.com.br\/index.php\/wp-json\/wp\/v2\/types\/post"}],"author":[{"embeddable":true,"href":"https:\/\/aconteceemmacaeeregiao.com.br\/index.php\/wp-json\/wp\/v2\/users\/2"}],"replies":[{"embeddable":true,"href":"https:\/\/aconteceemmacaeeregiao.com.br\/index.php\/wp-json\/wp\/v2\/comments?post=18836"}],"version-history":[{"count":0,"href":"https:\/\/aconteceemmacaeeregiao.com.br\/index.php\/wp-json\/wp\/v2\/posts\/18836\/revisions"}],"wp:featuredmedia":[{"embeddable":true,"href":"https:\/\/aconteceemmacaeeregiao.com.br\/index.php\/wp-json\/wp\/v2\/media\/18838"}],"wp:attachment":[{"href":"https:\/\/aconteceemmacaeeregiao.com.br\/index.php\/wp-json\/wp\/v2\/media?parent=18836"}],"wp:term":[{"taxonomy":"category","embeddable":true,"href":"https:\/\/aconteceemmacaeeregiao.com.br\/index.php\/wp-json\/wp\/v2\/categories?post=18836"},{"taxonomy":"post_tag","embeddable":true,"href":"https:\/\/aconteceemmacaeeregiao.com.br\/index.php\/wp-json\/wp\/v2\/tags?post=18836"}],"curies":[{"name":"wp","href":"https:\/\/api.w.org\/{rel}","templated":true}]}}