{"id":18844,"date":"2024-12-26T18:48:40","date_gmt":"2024-12-26T21:48:40","guid":{"rendered":"https:\/\/aconteceemmacaeeregiao.com.br\/?p=18844"},"modified":"2024-12-26T18:48:41","modified_gmt":"2024-12-26T21:48:41","slug":"reveillon-2025-queima-de-fogos-silenciosa-promete-espetaculo-em-macae","status":"publish","type":"post","link":"https:\/\/aconteceemmacaeeregiao.com.br\/index.php\/2024\/12\/26\/reveillon-2025-queima-de-fogos-silenciosa-promete-espetaculo-em-macae\/","title":{"rendered":"R\u00e9veillon 2025: Queima de fogos silenciosa promete espet\u00e1culo em Maca\u00e9"},"content":{"rendered":"\n<p>Maca\u00e9 se prepara para mais uma virada de ano com o tradicional show de fogos, que ter\u00e1 12 minutos de dura\u00e7\u00e3o e redu\u00e7\u00e3o de 80% no ru\u00eddo, visando maior inclus\u00e3o e conforto para pessoas sens\u00edveis a barulhos intensos. A celebra\u00e7\u00e3o acontece em dois pontos principais: Barra de Maca\u00e9 e <a href=\"https:\/\/aconteceemmacaeeregiao.com.br\/index.php\/2024\/03\/30\/aerocell-do-macae-master-bodyboarding-2024-sucesso-na-praia-dos-cavaleiros\/\" title=\"Aerocell do Maca\u00e9 Master Bodyboarding 2024: Sucesso na Praia dos Cavaleiros\">Praia dos Cavaleiros<\/a>. Segundo o secret\u00e1rio de Turismo, Leonardo Anderson, o foco ser\u00e1 em efeitos visuais, com as balsas posicionadas mais distantes da areia para minimizar os impactos sonoros.<\/p>\n\n\n\n<p>A festa contar\u00e1 com refor\u00e7o na seguran\u00e7a, com 150 agentes em a\u00e7\u00e3o e suporte da Pol\u00edcia Militar, al\u00e9m de postos de<a href=\"https:\/\/aconteceemmacaeeregiao.com.br\/index.php\/2024\/12\/19\/falta-de-saneamento-basico-doencas-evitaveis-afetam-milhoes-de-brasileiros-e-sobrecarregam-a-saude-publica\/\" title=\"Falta de saneamento b\u00e1sico: doen\u00e7as evit\u00e1veis afetam milh\u00f5es de brasileiros e sobrecarregam a sa\u00fade p\u00fablica\"> sa\u00fade<\/a> distribuindo protetores auriculares para crian\u00e7as com hipersensibilidade. Para garantir um ambiente agrad\u00e1vel no dia seguinte, equipes de limpeza atuar\u00e3o imediatamente ap\u00f3s o evento.<\/p>\n\n\n\n<p>Com a expectativa de receber 400 \u00f4nibus de turismo, a festa da virada em <a href=\"https:\/\/aconteceemmacaeeregiao.com.br\/index.php\/2024\/12\/19\/estacionamento-liberado-em-ruas-centrais-para-facilitar-compras-de-fim-de-ano-em-macae\/\" title=\"Estacionamento liberado em ruas centrais para facilitar compras de fim de ano em Maca\u00e9\">Maca\u00e9<\/a> consolida-se como uma das mais elogiadas do interior do Estado, unindo planejamento, seguran\u00e7a e cuidado ambiental para uma celebra\u00e7\u00e3o inesquec\u00edvel.<\/p>\n\n\n\n<p><strong>Confira a programa\u00e7\u00e3o do R\u00e9veillon em Maca\u00e9<\/strong><\/p>\n\n\n\n<p>19h \u2013 In\u00edcio das apresenta\u00e7\u00f5es nos palcos<\/p>\n\n\n\n<p><strong>Cavaleiros<\/strong><\/p>\n\n\n\n<p>Palco altura da Rua Mar del Plata<\/p>\n\n\n\n<p>DJ e Lulu Santos<\/p>\n\n\n\n<p><strong>Barra de Maca\u00e9<\/strong><\/p>\n\n\n\n<p>Palco pr\u00f3ximo ao Iate Clube<\/p>\n\n\n\n<p>Sandro Martins e Grupo Bom Gosto<\/p>\n\n\n\n<p><strong>Sana<\/strong><\/p>\n\n\n\n<p>Palco do CriaSana<\/p>\n\n\n\n<p>Dom Luiz<\/p>\n\n\n\n<p><em><a href=\"https:\/\/www.macae.rj.gov.br\/noticias\/leitura\/noticia\/reveillon-2025-queima-de-fogos-em-macae-tera-12-minutos-e-80-menos-de-ruido\" title=\"\">Fonte: Secom Pref de Maca\u00e9<\/a><\/em><\/p>\n","protected":false},"excerpt":{"rendered":"<p>Maca\u00e9 se prepara para mais uma virada de ano com o tradicional show de fogos, que ter\u00e1 12 minutos de dura\u00e7\u00e3o e redu\u00e7\u00e3o de 80% no ru\u00eddo, visando maior inclus\u00e3o e conforto para pessoas sens\u00edveis a barulhos intensos. A celebra\u00e7\u00e3o acontece em dois pontos principais: Barra de Maca\u00e9 e Praia dos Cavaleiros. Segundo o secret\u00e1rio [&hellip;]<\/p>\n","protected":false},"author":2,"featured_media":18845,"comment_status":"closed","ping_status":"closed","sticky":false,"template":"","format":"standard","meta":{"postBodyCss":"","postBodyMargin":[],"postBodyPadding":[],"postBodyBackground":{"backgroundType":"classic","gradient":""},"footnotes":""},"categories":[133,42],"tags":[89,91],"class_list":["post-18844","post","type-post","status-publish","format-standard","has-post-thumbnail","hentry","category-diverao-macae","category-macae","tag-prefeitura","tag-reveillon"],"aioseo_notices":[],"_links":{"self":[{"href":"https:\/\/aconteceemmacaeeregiao.com.br\/index.php\/wp-json\/wp\/v2\/posts\/18844","targetHints":{"allow":["GET"]}}],"collection":[{"href":"https:\/\/aconteceemmacaeeregiao.com.br\/index.php\/wp-json\/wp\/v2\/posts"}],"about":[{"href":"https:\/\/aconteceemmacaeeregiao.com.br\/index.php\/wp-json\/wp\/v2\/types\/post"}],"author":[{"embeddable":true,"href":"https:\/\/aconteceemmacaeeregiao.com.br\/index.php\/wp-json\/wp\/v2\/users\/2"}],"replies":[{"embeddable":true,"href":"https:\/\/aconteceemmacaeeregiao.com.br\/index.php\/wp-json\/wp\/v2\/comments?post=18844"}],"version-history":[{"count":0,"href":"https:\/\/aconteceemmacaeeregiao.com.br\/index.php\/wp-json\/wp\/v2\/posts\/18844\/revisions"}],"wp:featuredmedia":[{"embeddable":true,"href":"https:\/\/aconteceemmacaeeregiao.com.br\/index.php\/wp-json\/wp\/v2\/media\/18845"}],"wp:attachment":[{"href":"https:\/\/aconteceemmacaeeregiao.com.br\/index.php\/wp-json\/wp\/v2\/media?parent=18844"}],"wp:term":[{"taxonomy":"category","embeddable":true,"href":"https:\/\/aconteceemmacaeeregiao.com.br\/index.php\/wp-json\/wp\/v2\/categories?post=18844"},{"taxonomy":"post_tag","embeddable":true,"href":"https:\/\/aconteceemmacaeeregiao.com.br\/index.php\/wp-json\/wp\/v2\/tags?post=18844"}],"curies":[{"name":"wp","href":"https:\/\/api.w.org\/{rel}","templated":true}]}}