{"id":18864,"date":"2024-12-26T20:13:36","date_gmt":"2024-12-26T23:13:36","guid":{"rendered":"https:\/\/aconteceemmacaeeregiao.com.br\/?p=18864"},"modified":"2024-12-26T20:13:36","modified_gmt":"2024-12-26T23:13:36","slug":"previa-carnavalesca-agita-rio-das-ostras-com-o-bloco-do-yyoo-neste-sabado","status":"publish","type":"post","link":"https:\/\/aconteceemmacaeeregiao.com.br\/index.php\/2024\/12\/26\/previa-carnavalesca-agita-rio-das-ostras-com-o-bloco-do-yyoo-neste-sabado\/","title":{"rendered":"Pr\u00e9via carnavalesca agita Rio das Ostras com o Bloco do Yyoo neste s\u00e1bado"},"content":{"rendered":"\n<p>Rio das Ostras entra no clima de Carnaval neste s\u00e1bado (28) com o Bloco do Yyoo, comandado pelo cantor Thiago Yyoo. A festa, que promete muita anima\u00e7\u00e3o e m\u00fasica baiana, acontece a partir das 13h, na esquina da Avenida Roberto Silveira com a orla de Costazul.<\/p>\n\n\n\n<p>Misturando o ax\u00e9 e a energia do Carnaval da Bahia com o calor do ver\u00e3o carioca, o evento \u00e9 uma pr\u00e9via imperd\u00edvel para moradores e turistas que querem come\u00e7ar as festas de fim de ano com alto astral. Thiago Yyoo, conhecido por sua performance vibrante em trios el\u00e9tricos, trar\u00e1 um repert\u00f3rio cheio de sucessos que prometem n\u00e3o deixar ningu\u00e9m parado.<\/p>\n\n\n\n<p>A celebra\u00e7\u00e3o tamb\u00e9m refor\u00e7a a import\u00e2ncia da cultura brasileira e do esp\u00edrito de uni\u00e3o que o Carnaval carrega. Com apoio da Prefeitura de Rio das Ostras, da R\u00e1dio Energia FM e da Band TV, o evento \u00e9 uma oportunidade para curtir m\u00fasica de qualidade e aproveitar o<a href=\"https:\/\/aconteceemmacaeeregiao.com.br\/index.php\/2024\/12\/19\/projeto-verao-para-todos-retorna-neste-domingo-com-acessibilidade-e-inclusao-nas-praias\/\" title=\"Projeto \u201cVer\u00e3o para Todos\u201d retorna neste domingo com acessibilidade e inclus\u00e3o nas praias\"> ver\u00e3o<\/a> em grande estilo.<\/p>\n\n\n\n<p>Se voc\u00ea busca divers\u00e3o e boa m\u00fasica, prepare sua fantasia e aproveite essa festa que une tradi\u00e7\u00e3o e alegria!<\/p>\n\n\n\n<p><em><a href=\"https:\/\/odia.ig.com.br\/rio-das-ostras\/2024\/12\/6976152-rio-das-ostras-tera-previa-carnavalesca-com-o-bloco-do-yyoo-neste-sabado.html\" title=\"\">Fonte Portal O Dia<\/a><\/em><\/p>\n","protected":false},"excerpt":{"rendered":"<p>Rio das Ostras entra no clima de Carnaval neste s\u00e1bado (28) com o Bloco do Yyoo, comandado pelo cantor Thiago Yyoo. A festa, que promete muita anima\u00e7\u00e3o e m\u00fasica baiana, acontece a partir das 13h, na esquina da Avenida Roberto Silveira com a orla de Costazul. Misturando o ax\u00e9 e a energia do Carnaval da [&hellip;]<\/p>\n","protected":false},"author":2,"featured_media":18865,"comment_status":"closed","ping_status":"closed","sticky":false,"template":"","format":"standard","meta":{"postBodyCss":"","postBodyMargin":[],"postBodyPadding":[],"postBodyBackground":{"backgroundType":"classic","gradient":""},"footnotes":""},"categories":[46,43,49],"tags":[148,89,90],"class_list":["post-18864","post","type-post","status-publish","format-standard","has-post-thumbnail","hentry","category-diversao","category-regiao","category-rio-das-ostras","tag-carnaval","tag-prefeitura","tag-shows"],"aioseo_notices":[],"_links":{"self":[{"href":"https:\/\/aconteceemmacaeeregiao.com.br\/index.php\/wp-json\/wp\/v2\/posts\/18864","targetHints":{"allow":["GET"]}}],"collection":[{"href":"https:\/\/aconteceemmacaeeregiao.com.br\/index.php\/wp-json\/wp\/v2\/posts"}],"about":[{"href":"https:\/\/aconteceemmacaeeregiao.com.br\/index.php\/wp-json\/wp\/v2\/types\/post"}],"author":[{"embeddable":true,"href":"https:\/\/aconteceemmacaeeregiao.com.br\/index.php\/wp-json\/wp\/v2\/users\/2"}],"replies":[{"embeddable":true,"href":"https:\/\/aconteceemmacaeeregiao.com.br\/index.php\/wp-json\/wp\/v2\/comments?post=18864"}],"version-history":[{"count":0,"href":"https:\/\/aconteceemmacaeeregiao.com.br\/index.php\/wp-json\/wp\/v2\/posts\/18864\/revisions"}],"wp:featuredmedia":[{"embeddable":true,"href":"https:\/\/aconteceemmacaeeregiao.com.br\/index.php\/wp-json\/wp\/v2\/media\/18865"}],"wp:attachment":[{"href":"https:\/\/aconteceemmacaeeregiao.com.br\/index.php\/wp-json\/wp\/v2\/media?parent=18864"}],"wp:term":[{"taxonomy":"category","embeddable":true,"href":"https:\/\/aconteceemmacaeeregiao.com.br\/index.php\/wp-json\/wp\/v2\/categories?post=18864"},{"taxonomy":"post_tag","embeddable":true,"href":"https:\/\/aconteceemmacaeeregiao.com.br\/index.php\/wp-json\/wp\/v2\/tags?post=18864"}],"curies":[{"name":"wp","href":"https:\/\/api.w.org\/{rel}","templated":true}]}}