{"id":18871,"date":"2024-12-30T18:40:49","date_gmt":"2024-12-30T21:40:49","guid":{"rendered":"https:\/\/aconteceemmacaeeregiao.com.br\/?p=18871"},"modified":"2024-12-30T18:40:50","modified_gmt":"2024-12-30T21:40:50","slug":"ano-novo-em-macae-pop-pagode-e-reggae-marcam-a-festa-da-virada","status":"publish","type":"post","link":"https:\/\/aconteceemmacaeeregiao.com.br\/index.php\/2024\/12\/30\/ano-novo-em-macae-pop-pagode-e-reggae-marcam-a-festa-da-virada\/","title":{"rendered":"Ano Novo em Maca\u00e9: Pop, Pagode e Reggae Marcam a Festa da Virada"},"content":{"rendered":"\n<p>A virada de 2025 em <a href=\"https:\/\/aconteceemmacaeeregiao.com.br\/index.php\/2024\/12\/26\/justica-determina-realizacao-de-novo-concurso-publico-para-a-camara-de-macae\/\" title=\"Justi\u00e7a determina realiza\u00e7\u00e3o de novo concurso p\u00fablico para a C\u00e2mara de Maca\u00e9\">Maca\u00e9<\/a> promete ser inesquec\u00edvel, com uma programa\u00e7\u00e3o diversificada que atende todos os gostos musicais. A festa oficial organizada pela Prefeitura contar\u00e1 com apresenta\u00e7\u00f5es de grandes nomes nacionais e locais, espalhadas por diferentes pontos da cidade e regi\u00e3o serrana.<\/p>\n\n\n\n<h3 class=\"wp-block-heading\"><strong>Lulu Santos Agita a Praia dos Cavaleiros<\/strong><\/h3>\n\n\n\n<p>O pop de Lulu Santos ser\u00e1 a grande atra\u00e7\u00e3o nos <a href=\"https:\/\/aconteceemmacaeeregiao.com.br\/index.php\/2024\/09\/21\/ruas-da-aroeira-e-granja-dos-cavaleiros-terao-bloqueios-para-obras-de-esgoto\/\" title=\"Ruas da Aroeira e Granja dos Cavaleiros ter\u00e3o bloqueios para obras de esgoto\">Cavaleiros<\/a>. Com 50 anos de carreira, Lulu embala a noite com sucessos como \u201cToda Forma de Amor\u201d e \u201cUm Certo Algu\u00e9m\u201d, prometendo emocionar o p\u00fablico. O evento come\u00e7a \u00e0s 19h, com um DJ para aquecer os \u00e2nimos antes do show principal, em palco montado na Rua Mar del Plata.<\/p>\n\n\n\n<h3 class=\"wp-block-heading\"><strong>Pagode na Barra de Maca\u00e9<\/strong><\/h3>\n\n\n\n<p>Na Barra, o Grupo Bom Gosto \u00e9 a principal atra\u00e7\u00e3o, trazendo sucessos como \u201cCurtindo a Vida\u201d e \u201cUm S\u00f3 Sentimento\u201d. A abertura ser\u00e1 \u00e0s 19h com Sandro Martins, conhecido por seu pagode rom\u00e2ntico. O palco estar\u00e1 localizado pr\u00f3ximo ao Iate Clube, garantindo muita anima\u00e7\u00e3o para os amantes do samba e pagode.<\/p>\n\n\n\n<h3 class=\"wp-block-heading\"><strong>Reggae no Sana<\/strong><\/h3>\n\n\n\n<p>O distrito do Sana, na <a href=\"https:\/\/aconteceemmacaeeregiao.com.br\/index.php\/2024\/03\/23\/estradas-da-regiao-serrana-de-macae-sao-liberadas-apos-chuvas\/\" title=\"Estradas da Regi\u00e3o Serrana de Maca\u00e9 s\u00e3o liberadas ap\u00f3s chuvas\">regi\u00e3o serrana<\/a>, ter\u00e1 como destaque o pioneiro do reggae no Rio, Dom Luiz. Com 50 anos dedicados ao g\u00eanero, ele comandar\u00e1 o alto astral no palco do CriaSana, celebrando a chegada de 2025 com muita energia positiva.<\/p>\n\n\n\n<p><strong>Estrutura e Seguran\u00e7a<\/strong><br>A Prefeitura garante suporte completo, incluindo equipes de Mobilidade Urbana, Sa\u00fade, Ordem P\u00fablica e refor\u00e7o de seguran\u00e7a com a Pol\u00edcia Militar.<\/p>\n\n\n\n<p><em>Escolha seu estilo e celebre a chegada de 2025 com muita m\u00fasica e alegria em Maca\u00e9!<\/em><\/p>\n\n\n\n<p><em><a href=\"https:\/\/www.macae.rj.gov.br\/noticias\/leitura\/noticia\/pop-pagode-e-reggae-embalam-a-chegada-do-ano-novo-em-macae\" title=\"\">Fonte: Secom Pref de Maca\u00e9<\/a><\/em><\/p>\n","protected":false},"excerpt":{"rendered":"<p>A virada de 2025 em Maca\u00e9 promete ser inesquec\u00edvel, com uma programa\u00e7\u00e3o diversificada que atende todos os gostos musicais. A festa oficial organizada pela Prefeitura contar\u00e1 com apresenta\u00e7\u00f5es de grandes nomes nacionais e locais, espalhadas por diferentes pontos da cidade e regi\u00e3o serrana. Lulu Santos Agita a Praia dos Cavaleiros O pop de Lulu Santos [&hellip;]<\/p>\n","protected":false},"author":2,"featured_media":18872,"comment_status":"closed","ping_status":"closed","sticky":false,"template":"","format":"standard","meta":{"postBodyCss":"","postBodyMargin":[],"postBodyPadding":[],"postBodyBackground":{"backgroundType":"classic","gradient":""},"footnotes":""},"categories":[46,42],"tags":[204,89,91,418,90],"class_list":["post-18871","post","type-post","status-publish","format-standard","has-post-thumbnail","hentry","category-diversao","category-macae","tag-praia-dos-cavaleiros","tag-prefeitura","tag-reveillon","tag-sana","tag-shows"],"aioseo_notices":[],"_links":{"self":[{"href":"https:\/\/aconteceemmacaeeregiao.com.br\/index.php\/wp-json\/wp\/v2\/posts\/18871","targetHints":{"allow":["GET"]}}],"collection":[{"href":"https:\/\/aconteceemmacaeeregiao.com.br\/index.php\/wp-json\/wp\/v2\/posts"}],"about":[{"href":"https:\/\/aconteceemmacaeeregiao.com.br\/index.php\/wp-json\/wp\/v2\/types\/post"}],"author":[{"embeddable":true,"href":"https:\/\/aconteceemmacaeeregiao.com.br\/index.php\/wp-json\/wp\/v2\/users\/2"}],"replies":[{"embeddable":true,"href":"https:\/\/aconteceemmacaeeregiao.com.br\/index.php\/wp-json\/wp\/v2\/comments?post=18871"}],"version-history":[{"count":0,"href":"https:\/\/aconteceemmacaeeregiao.com.br\/index.php\/wp-json\/wp\/v2\/posts\/18871\/revisions"}],"wp:featuredmedia":[{"embeddable":true,"href":"https:\/\/aconteceemmacaeeregiao.com.br\/index.php\/wp-json\/wp\/v2\/media\/18872"}],"wp:attachment":[{"href":"https:\/\/aconteceemmacaeeregiao.com.br\/index.php\/wp-json\/wp\/v2\/media?parent=18871"}],"wp:term":[{"taxonomy":"category","embeddable":true,"href":"https:\/\/aconteceemmacaeeregiao.com.br\/index.php\/wp-json\/wp\/v2\/categories?post=18871"},{"taxonomy":"post_tag","embeddable":true,"href":"https:\/\/aconteceemmacaeeregiao.com.br\/index.php\/wp-json\/wp\/v2\/tags?post=18871"}],"curies":[{"name":"wp","href":"https:\/\/api.w.org\/{rel}","templated":true}]}}