{"id":18874,"date":"2024-12-30T18:56:30","date_gmt":"2024-12-30T21:56:30","guid":{"rendered":"https:\/\/aconteceemmacaeeregiao.com.br\/?p=18874"},"modified":"2024-12-30T18:56:31","modified_gmt":"2024-12-30T21:56:31","slug":"reveillon-de-macae-100-de-ocupacao-hoteleira-e-turismo-em-alta","status":"publish","type":"post","link":"https:\/\/aconteceemmacaeeregiao.com.br\/index.php\/2024\/12\/30\/reveillon-de-macae-100-de-ocupacao-hoteleira-e-turismo-em-alta\/","title":{"rendered":"R\u00e9veillon de Maca\u00e9: 100% de Ocupa\u00e7\u00e3o Hoteleira e Turismo em Alta"},"content":{"rendered":"\n<p>Maca\u00e9 se consolida como um dos destinos mais procurados para o <a href=\"https:\/\/aconteceemmacaeeregiao.com.br\/index.php\/2024\/12\/26\/reveillon-2025-lulu-santos-bom-gosto-e-dom-luiz-agitam-a-virada-em-macae\/\" title=\"R\u00e9veillon 2025: Lulu Santos, Bom Gosto e Dom Luiz agitam a virada em Maca\u00e9\">R\u00e9veillon<\/a>, com ocupa\u00e7\u00e3o total na rede hoteleira e um aumento significativo na movimenta\u00e7\u00e3o econ\u00f4mica. A programa\u00e7\u00e3o de shows, o espet\u00e1culo de fogos e a qualidade dos servi\u00e7os receptivos tornam a cidade um case de sucesso no turismo regional.<\/p>\n\n\n\n<h3 class=\"wp-block-heading\"><strong>Recorde de Visitantes e Demanda em Alta<\/strong><\/h3>\n\n\n\n<p>Com um n\u00famero recorde de \u00f4nibus de <a href=\"https:\/\/aconteceemmacaeeregiao.com.br\/index.php\/2024\/10\/18\/buzios-sucesso-de-publico-marca-consolidacao-do-encontro-fluminense-de-turismo-regional\/\" title=\"B\u00fazios: Sucesso de p\u00fablico marca consolida\u00e7\u00e3o do Encontro Fluminense de Turismo Regional\">turismo <\/a>cadastrados, a cidade registra grande movimenta\u00e7\u00e3o nos setores de com\u00e9rcio, gastronomia e log\u00edstica. Os hot\u00e9is da orla est\u00e3o lotados, e os restaurantes da Praia dos Cavaleiros, que oferecem eventos exclusivos na virada do ano, esgotaram as reservas antecipadamente.<\/p>\n\n\n\n<h3 class=\"wp-block-heading\"><strong>Investimentos que Geram Resultados<\/strong><\/h3>\n\n\n\n<p>Segundo o prefeito <a href=\"https:\/\/aconteceemmacaeeregiao.com.br\/index.php\/2024\/10\/05\/welberth-rezende-se-consolida-como-favorito-a-prefeitura-de-macae-com-719-das-intencoes-de-voto\/\" title=\"Welberth Rezende se consolida como favorito \u00e0 prefeitura de Maca\u00e9 com 71,9% das inten\u00e7\u00f5es de voto\">Welberth Rezende<\/a>, a estrat\u00e9gia de consolidar o Natal e o R\u00e9veillon no calend\u00e1rio oficial de eventos est\u00e1 transformando Maca\u00e9 em um modelo de turismo sustent\u00e1vel e lucrativo. \u201cAl\u00e9m de atrair visitantes, os eventos fortalecem a economia local, gerando empregos e oportunidades\u201d, destaca.<\/p>\n\n\n\n<p>O Secret\u00e1rio de Turismo, L\u00e9o Anderson, refor\u00e7a o impacto econ\u00f4mico positivo: \u201cA cada R$ 1 investido, Maca\u00e9 obt\u00e9m um retorno de R$ 1,95, comprovando a efici\u00eancia e transpar\u00eancia dos investimentos\u201d.<\/p>\n\n\n\n<h3 class=\"wp-block-heading\"><strong>Fortalecimento Econ\u00f4mico<\/strong><\/h3>\n\n\n\n<p>Marcelo Reid, presidente do Maca\u00e9 Convention, atribui o sucesso \u00e0 combina\u00e7\u00e3o de eventos e servi\u00e7os de qualidade, destacando os atrativos naturais como diferencial. J\u00e1 Frederico Barreto, da ACIM, celebra o impacto do turismo na cadeia econ\u00f4mica local, com expectativas ainda maiores para o pr\u00f3ximo ano.<\/p>\n\n\n\n<p><strong>Dica:<\/strong> <em>Se voc\u00ea planeja participar da festa em Maca\u00e9, programe-se com anteced\u00eancia para garantir sua vaga nos eventos e aproveitar o melhor que a cidade oferece durante o R\u00e9veillon.<\/em><\/p>\n\n\n\n<p><em><a href=\"https:\/\/www.macae.rj.gov.br\/noticias\/leitura\/noticia\/reveillon-de-macae-em-alta-com-100-de-ocupacao-da-rede-hoteleira\" title=\"\">Fonte: Secom Pref de Maca\u00e9<\/a><\/em><\/p>\n","protected":false},"excerpt":{"rendered":"<p>Maca\u00e9 se consolida como um dos destinos mais procurados para o R\u00e9veillon, com ocupa\u00e7\u00e3o total na rede hoteleira e um aumento significativo na movimenta\u00e7\u00e3o econ\u00f4mica. A programa\u00e7\u00e3o de shows, o espet\u00e1culo de fogos e a qualidade dos servi\u00e7os receptivos tornam a cidade um case de sucesso no turismo regional. Recorde de Visitantes e Demanda em [&hellip;]<\/p>\n","protected":false},"author":2,"featured_media":18875,"comment_status":"closed","ping_status":"closed","sticky":false,"template":"","format":"standard","meta":{"postBodyCss":"","postBodyMargin":[],"postBodyPadding":[],"postBodyBackground":{"backgroundType":"classic","gradient":""},"footnotes":""},"categories":[45,42],"tags":[],"class_list":["post-18874","post","type-post","status-publish","format-standard","has-post-thumbnail","hentry","category-economia","category-macae"],"aioseo_notices":[],"_links":{"self":[{"href":"https:\/\/aconteceemmacaeeregiao.com.br\/index.php\/wp-json\/wp\/v2\/posts\/18874","targetHints":{"allow":["GET"]}}],"collection":[{"href":"https:\/\/aconteceemmacaeeregiao.com.br\/index.php\/wp-json\/wp\/v2\/posts"}],"about":[{"href":"https:\/\/aconteceemmacaeeregiao.com.br\/index.php\/wp-json\/wp\/v2\/types\/post"}],"author":[{"embeddable":true,"href":"https:\/\/aconteceemmacaeeregiao.com.br\/index.php\/wp-json\/wp\/v2\/users\/2"}],"replies":[{"embeddable":true,"href":"https:\/\/aconteceemmacaeeregiao.com.br\/index.php\/wp-json\/wp\/v2\/comments?post=18874"}],"version-history":[{"count":0,"href":"https:\/\/aconteceemmacaeeregiao.com.br\/index.php\/wp-json\/wp\/v2\/posts\/18874\/revisions"}],"wp:featuredmedia":[{"embeddable":true,"href":"https:\/\/aconteceemmacaeeregiao.com.br\/index.php\/wp-json\/wp\/v2\/media\/18875"}],"wp:attachment":[{"href":"https:\/\/aconteceemmacaeeregiao.com.br\/index.php\/wp-json\/wp\/v2\/media?parent=18874"}],"wp:term":[{"taxonomy":"category","embeddable":true,"href":"https:\/\/aconteceemmacaeeregiao.com.br\/index.php\/wp-json\/wp\/v2\/categories?post=18874"},{"taxonomy":"post_tag","embeddable":true,"href":"https:\/\/aconteceemmacaeeregiao.com.br\/index.php\/wp-json\/wp\/v2\/tags?post=18874"}],"curies":[{"name":"wp","href":"https:\/\/api.w.org\/{rel}","templated":true}]}}