{"id":18898,"date":"2025-01-03T17:00:52","date_gmt":"2025-01-03T20:00:52","guid":{"rendered":"https:\/\/aconteceemmacaeeregiao.com.br\/?p=18898"},"modified":"2025-01-03T17:00:53","modified_gmt":"2025-01-03T20:00:53","slug":"foragido-da-justica-e-traficante-e-capturado-em-operacao-policial-em-macae","status":"publish","type":"post","link":"https:\/\/aconteceemmacaeeregiao.com.br\/index.php\/2025\/01\/03\/foragido-da-justica-e-traficante-e-capturado-em-operacao-policial-em-macae\/","title":{"rendered":"Foragido da Justi\u00e7a e traficante \u00e9 capturado em opera\u00e7\u00e3o policial em Maca\u00e9"},"content":{"rendered":"\n<p>Uma a\u00e7\u00e3o do Grupamento de A\u00e7\u00f5es T\u00e1ticas (GAT) resultou na pris\u00e3o de um homem foragido da Justi\u00e7a, acusado de tr\u00e1fico de drogas e roubo majorado. A opera\u00e7\u00e3o aconteceu no bairro Botafogo, em<a href=\"https:\/\/aconteceemmacaeeregiao.com.br\/index.php\/2024\/09\/21\/operacao-conjunta-do-32o-bpm-e-123a-dp-prende-tres-traficantes-e-apreende-drogas-em-macae\/\" title=\"Opera\u00e7\u00e3o conjunta do 32\u00ba BPM e 123\u00aa DP prende tr\u00eas traficantes e apreende drogas em Maca\u00e9\"> Maca\u00e9<\/a>, e refor\u00e7a os esfor\u00e7os no combate \u00e0 criminalidade local.<\/p>\n\n\n\n<p>Durante patrulhamento, a pol\u00edcia recebeu informa\u00e7\u00f5es sobre um suspeito que estaria vendendo drogas pr\u00f3ximo a uma ponte. O homem, identificado pelas descri\u00e7\u00f5es, foi abordado e flagrado com <strong>17 pinos de coca\u00edna (34g)<\/strong>, <strong>duas buchas de maconha (4g)<\/strong> e <strong>R$ 153 em esp\u00e9cie<\/strong>. Ap\u00f3s consulta, foi constatado que ele possu\u00eda um mandado de<a href=\"https:\/\/aconteceemmacaeeregiao.com.br\/index.php\/2024\/04\/18\/32o-bpm-e-123a-dp-efetuam-prisao-por-estupro-de-vulneravel-em-macae\/\" title=\"32\u00ba BPM e 123\u00aa DP efetuam pris\u00e3o por estupro de vulner\u00e1vel em Maca\u00e9\"> pris\u00e3o <\/a>ativo por roubo majorado (art. 157 do C\u00f3digo Penal).<\/p>\n\n\n\n<p>Dicas de seguran\u00e7a: ao identificar situa\u00e7\u00f5es suspeitas, evite confrontos diretos e denuncie anonimamente \u00e0 pol\u00edcia. Combater a criminalidade \u00e9 uma tarefa coletiva que depende da colabora\u00e7\u00e3o da sociedade.<\/p>\n\n\n\n<p><em><a href=\"https:\/\/odia.ig.com.br\/macae\/2025\/01\/6979471-traficante-e-foragido-da-justica-e-capturado-em-macae.html\" title=\"\">Fonte: Portal O Dia<\/a><\/em><\/p>\n\n\n\n<p><\/p>\n","protected":false},"excerpt":{"rendered":"<p>Uma a\u00e7\u00e3o do Grupamento de A\u00e7\u00f5es T\u00e1ticas (GAT) resultou na pris\u00e3o de um homem foragido da Justi\u00e7a, acusado de tr\u00e1fico de drogas e roubo majorado. A opera\u00e7\u00e3o aconteceu no bairro Botafogo, em Maca\u00e9, e refor\u00e7a os esfor\u00e7os no combate \u00e0 criminalidade local. Durante patrulhamento, a pol\u00edcia recebeu informa\u00e7\u00f5es sobre um suspeito que estaria vendendo drogas [&hellip;]<\/p>\n","protected":false},"author":2,"featured_media":18899,"comment_status":"closed","ping_status":"closed","sticky":false,"template":"","format":"standard","meta":{"postBodyCss":"","postBodyMargin":[],"postBodyPadding":[],"postBodyBackground":{"backgroundType":"classic","gradient":""},"footnotes":""},"categories":[47],"tags":[98,919,100,513],"class_list":["post-18898","post","type-post","status-publish","format-standard","has-post-thumbnail","hentry","category-ocorrencias","tag-drogas","tag-ocorrencias-em-macae","tag-prisao","tag-trafico"],"aioseo_notices":[],"_links":{"self":[{"href":"https:\/\/aconteceemmacaeeregiao.com.br\/index.php\/wp-json\/wp\/v2\/posts\/18898","targetHints":{"allow":["GET"]}}],"collection":[{"href":"https:\/\/aconteceemmacaeeregiao.com.br\/index.php\/wp-json\/wp\/v2\/posts"}],"about":[{"href":"https:\/\/aconteceemmacaeeregiao.com.br\/index.php\/wp-json\/wp\/v2\/types\/post"}],"author":[{"embeddable":true,"href":"https:\/\/aconteceemmacaeeregiao.com.br\/index.php\/wp-json\/wp\/v2\/users\/2"}],"replies":[{"embeddable":true,"href":"https:\/\/aconteceemmacaeeregiao.com.br\/index.php\/wp-json\/wp\/v2\/comments?post=18898"}],"version-history":[{"count":0,"href":"https:\/\/aconteceemmacaeeregiao.com.br\/index.php\/wp-json\/wp\/v2\/posts\/18898\/revisions"}],"wp:featuredmedia":[{"embeddable":true,"href":"https:\/\/aconteceemmacaeeregiao.com.br\/index.php\/wp-json\/wp\/v2\/media\/18899"}],"wp:attachment":[{"href":"https:\/\/aconteceemmacaeeregiao.com.br\/index.php\/wp-json\/wp\/v2\/media?parent=18898"}],"wp:term":[{"taxonomy":"category","embeddable":true,"href":"https:\/\/aconteceemmacaeeregiao.com.br\/index.php\/wp-json\/wp\/v2\/categories?post=18898"},{"taxonomy":"post_tag","embeddable":true,"href":"https:\/\/aconteceemmacaeeregiao.com.br\/index.php\/wp-json\/wp\/v2\/tags?post=18898"}],"curies":[{"name":"wp","href":"https:\/\/api.w.org\/{rel}","templated":true}]}}