{"id":18908,"date":"2025-01-03T17:27:25","date_gmt":"2025-01-03T20:27:25","guid":{"rendered":"https:\/\/aconteceemmacaeeregiao.com.br\/?p=18908"},"modified":"2025-01-03T17:27:26","modified_gmt":"2025-01-03T20:27:26","slug":"rogerio-big-representara-macae-no-campeonato-europeu-de-jiu-jitsu-em-lisboa","status":"publish","type":"post","link":"https:\/\/aconteceemmacaeeregiao.com.br\/index.php\/2025\/01\/03\/rogerio-big-representara-macae-no-campeonato-europeu-de-jiu-jitsu-em-lisboa\/","title":{"rendered":"Rog\u00e9rio Big representar\u00e1 Maca\u00e9 no Campeonato Europeu de Jiu-Jitsu em Lisboa"},"content":{"rendered":"\n<p>O renomado atleta macaense Rog\u00e9rio Big, faixa preta e um dos grandes nomes do<a href=\"https:\/\/aconteceemmacaeeregiao.com.br\/index.php\/2024\/12\/19\/atleta-macaense-conquista-mundial-de-jiu-jitsu-em-las-vegas-e-traz-medalhas\/\" title=\"Atleta macaense conquista Mundial de Jiu-Jitsu em Las Vegas e traz medalhas\"> jiu-jitsu<\/a> brasileiro, est\u00e1 se preparando para um dos maiores desafios de sua carreira: o Campeonato Europeu da CBJJ (Confedera\u00e7\u00e3o Brasileira de Jiu-Jitsu), que acontece no dia <strong>23 de janeiro de 2025<\/strong>, em Lisboa, Portugal.<\/p>\n\n\n\n<p>Com um impressionante curr\u00edculo que inclui t\u00edtulos como <strong>bi-campe\u00e3o brasileiro CBJJ IBJJF<\/strong> e <strong>tri-campe\u00e3o sul-americano<\/strong>, Rog\u00e9rio, aos 53 anos, segue liderando o ranking brasileiro na categoria Master 5 h\u00e1 tr\u00eas anos consecutivos.<\/p>\n\n\n\n<p>&#8220;J\u00e1 conquistei todos os t\u00edtulos importantes no Brasil, e agora vou em busca do t\u00edtulo europeu. \u00c9 um desafio grandioso, mas estou pronto para representar Maca\u00e9 e o Brasil&#8221;, declarou o atleta, que encara a competi\u00e7\u00e3o com determina\u00e7\u00e3o.<\/p>\n\n\n\n<p><strong>Apoio ao esporte macaense<\/strong><br>Rog\u00e9rio destacou o papel fundamental do programa <a href=\"https:\/\/aconteceemmacaeeregiao.com.br\/index.php\/2024\/12\/26\/atleta-de-macae-e-destaque-no-taekwondo-e-encerra-2024-como-o-melhor-da-categoria\/\" title=\"Atleta de Maca\u00e9 \u00e9 destaque no Taekwondo e encerra 2024 como o melhor da categoria\">Bolsa-Atleta<\/a>, da Prefeitura de Maca\u00e9, para sua prepara\u00e7\u00e3o. &#8220;O apoio da Prefeitura, da Secretaria de Esportes e do vereador Marvel tem sido essencial para minha carreira. Sou grato pelo incentivo ao esporte na nossa cidade&#8221;, afirmou.<\/p>\n\n\n\n<p>O secret\u00e1rio de Esportes, Rodrigo Caldeira, refor\u00e7ou o compromisso do programa Bolsa-Atleta: &#8220;Rog\u00e9rio \u00e9 um exemplo de supera\u00e7\u00e3o e talento. Estamos orgulhosos de apoi\u00e1-lo e confiantes de que ele levar\u00e1 o nome de <a href=\"https:\/\/aconteceemmacaeeregiao.com.br\/index.php\/2024\/08\/20\/jovem-estreante-no-macae-esporte-brilha-na-copa-light\/\" title=\"Jovem estreante no Maca\u00e9 Esporte brilha na Copa Light\">Maca\u00e9<\/a> ao p\u00f3dio internacional.&#8221;<\/p>\n\n\n\n<p>O atleta tamb\u00e9m agradeceu ao mestre C\u00e9sar e \u00e0 equipe CMT, que t\u00eam sido pilares em sua jornada. Rog\u00e9rio Big segue como inspira\u00e7\u00e3o de determina\u00e7\u00e3o e resili\u00eancia, levando o jiu-jitsu macaense a novos patamares.<\/p>\n\n\n\n<p><em><a href=\"https:\/\/macae.rj.gov.br\/noticias\/leitura\/noticia\/rogerio-big-atleta-de-jiu-jitsu-da-prefeitura-de-macae-rumo-ao-campeonato-europeu-de-jiu-jitsu-em-lisboa\" title=\"\">Fonte: Secom Pref de Maca\u00e9<\/a><\/em><\/p>\n\n\n\n<p><\/p>\n","protected":false},"excerpt":{"rendered":"<p>O renomado atleta macaense Rog\u00e9rio Big, faixa preta e um dos grandes nomes do jiu-jitsu brasileiro, est\u00e1 se preparando para um dos maiores desafios de sua carreira: o Campeonato Europeu da CBJJ (Confedera\u00e7\u00e3o Brasileira de Jiu-Jitsu), que acontece no dia 23 de janeiro de 2025, em Lisboa, Portugal. Com um impressionante curr\u00edculo que inclui t\u00edtulos [&hellip;]<\/p>\n","protected":false},"author":2,"featured_media":18909,"comment_status":"closed","ping_status":"closed","sticky":false,"template":"","format":"standard","meta":{"postBodyCss":"","postBodyMargin":[],"postBodyPadding":[],"postBodyBackground":{"backgroundType":"classic","gradient":""},"footnotes":""},"categories":[6,42],"tags":[380,507,191,89],"class_list":["post-18908","post","type-post","status-publish","format-standard","has-post-thumbnail","hentry","category-esporte","category-macae","tag-bolsa-atleta","tag-internacional","tag-jiu-jitsu","tag-prefeitura"],"aioseo_notices":[],"_links":{"self":[{"href":"https:\/\/aconteceemmacaeeregiao.com.br\/index.php\/wp-json\/wp\/v2\/posts\/18908","targetHints":{"allow":["GET"]}}],"collection":[{"href":"https:\/\/aconteceemmacaeeregiao.com.br\/index.php\/wp-json\/wp\/v2\/posts"}],"about":[{"href":"https:\/\/aconteceemmacaeeregiao.com.br\/index.php\/wp-json\/wp\/v2\/types\/post"}],"author":[{"embeddable":true,"href":"https:\/\/aconteceemmacaeeregiao.com.br\/index.php\/wp-json\/wp\/v2\/users\/2"}],"replies":[{"embeddable":true,"href":"https:\/\/aconteceemmacaeeregiao.com.br\/index.php\/wp-json\/wp\/v2\/comments?post=18908"}],"version-history":[{"count":0,"href":"https:\/\/aconteceemmacaeeregiao.com.br\/index.php\/wp-json\/wp\/v2\/posts\/18908\/revisions"}],"wp:featuredmedia":[{"embeddable":true,"href":"https:\/\/aconteceemmacaeeregiao.com.br\/index.php\/wp-json\/wp\/v2\/media\/18909"}],"wp:attachment":[{"href":"https:\/\/aconteceemmacaeeregiao.com.br\/index.php\/wp-json\/wp\/v2\/media?parent=18908"}],"wp:term":[{"taxonomy":"category","embeddable":true,"href":"https:\/\/aconteceemmacaeeregiao.com.br\/index.php\/wp-json\/wp\/v2\/categories?post=18908"},{"taxonomy":"post_tag","embeddable":true,"href":"https:\/\/aconteceemmacaeeregiao.com.br\/index.php\/wp-json\/wp\/v2\/tags?post=18908"}],"curies":[{"name":"wp","href":"https:\/\/api.w.org\/{rel}","templated":true}]}}