{"id":18957,"date":"2025-01-08T18:38:01","date_gmt":"2025-01-08T21:38:01","guid":{"rendered":"https:\/\/aconteceemmacaeeregiao.com.br\/?p=18957"},"modified":"2025-01-08T18:38:02","modified_gmt":"2025-01-08T21:38:02","slug":"ponte-do-frade-recebe-recuperacao-provisoria-apos-fortes-chuvas","status":"publish","type":"post","link":"https:\/\/aconteceemmacaeeregiao.com.br\/index.php\/2025\/01\/08\/ponte-do-frade-recebe-recuperacao-provisoria-apos-fortes-chuvas\/","title":{"rendered":"Ponte do Frade recebe recupera\u00e7\u00e3o provis\u00f3ria ap\u00f3s fortes chuvas"},"content":{"rendered":"\n<p><strong><em>Defesa Civil emite alerta laranja para a regi\u00e3o serrana<\/em><\/strong><\/p>\n\n\n\n<p>A Ponte do Frade, localizada na RJ-162, na regi\u00e3o serrana de Maca\u00e9, est\u00e1 passando por uma recupera\u00e7\u00e3o provis\u00f3ria ap\u00f3s ter parte de sua estrutura comprometida devido \u00e0s fortes chuvas do \u00faltimo fim de semana. O Departamento de Estradas de Rodagem (DER-RJ), vinculado ao Governo do Estado do Rio de Janeiro, iniciou os trabalhos nesta quarta-feira (8). As atividades continuar\u00e3o nesta quinta-feira (9), caso as condi\u00e7\u00f5es clim\u00e1ticas permitam.<\/p>\n\n\n\n<h3 class=\"wp-block-heading\"><strong>A\u00e7\u00f5es de recupera\u00e7\u00e3o<\/strong><\/h3>\n\n\n\n<p>Os servi\u00e7os de reparo incluem:<\/p>\n\n\n\n<ul class=\"wp-block-list\">\n<li>Constru\u00e7\u00e3o de uma <strong>passarela provis\u00f3ria para pedestres<\/strong>;<\/li>\n\n\n\n<li>Instala\u00e7\u00e3o de uma <strong>estrutura met\u00e1lica sobre a ponte<\/strong>;<\/li>\n\n\n\n<li>Constru\u00e7\u00e3o de um <strong>desvio lateral com galerias provis\u00f3rias<\/strong> para a passagem de ve\u00edculos.<\/li>\n<\/ul>\n\n\n\n<p>A Prefeitura de Maca\u00e9 est\u00e1 acompanhando os trabalhos por meio das Secretarias Adjuntas de Interior, Defesa Civil, Saneamento e Mobilidade Urbana.<\/p>\n\n\n\n<h3 class=\"wp-block-heading\"><strong>Defesa Civil emite alerta laranja para a regi\u00e3o serrana<\/strong><\/h3>\n\n\n\n<p>A Secretaria Adjunta de Defesa Civil de Maca\u00e9 informa que a regi\u00e3o serrana est\u00e1 sob alerta laranja devido ao volume de chuva previsto, que pode variar entre 50 e 100mm por dia, com ventos intensos de 60 a 100km\/h. Na \u00e1rea central do munic\u00edpio, o alerta \u00e9 amarelo, com chuva estimada entre 20 e 50mm por dia e ventos de 40 a 60km\/h.<\/p>\n\n\n\n<h3 class=\"wp-block-heading\"><strong>Riscos e orienta\u00e7\u00f5es<\/strong><\/h3>\n\n\n\n<p>Na regi\u00e3o serrana, os principais riscos incluem:<\/p>\n\n\n\n<ul class=\"wp-block-list\">\n<li>Corte de energia el\u00e9trica;<\/li>\n\n\n\n<li>Queda de galhos de \u00e1rvores;<\/li>\n\n\n\n<li>Alagamentos e descargas el\u00e9tricas.<\/li>\n<\/ul>\n\n\n\n<p>A Defesa Civil orienta que os moradores sigam as seguintes recomenda\u00e7\u00f5es:<\/p>\n\n\n\n<ul class=\"wp-block-list\">\n<li>Evitem se abrigar debaixo de \u00e1rvores ou estacionar ve\u00edculos pr\u00f3ximos a torres de transmiss\u00e3o e placas de propaganda;<\/li>\n\n\n\n<li>N\u00e3o utilizem aparelhos eletr\u00f4nicos conectados \u00e0 tomada durante tempestades;<\/li>\n\n\n\n<li>Fiquem atentos a sinais de instabilidade, como pequenas rachaduras em barrancos.<\/li>\n<\/ul>\n\n\n\n<p>Devido ao acumulado de chuvas nos \u00faltimos dias, as equipes da Defesa Civil intensificaram o monitoramento em \u00e1reas de risco.<\/p>\n\n\n\n<h3 class=\"wp-block-heading\"><strong>Canais de atendimento<\/strong><\/h3>\n\n\n\n<p>Em caso de emerg\u00eancia, a popula\u00e7\u00e3o pode acionar:<\/p>\n\n\n\n<ul class=\"wp-block-list\">\n<li>Defesa Civil: <strong>199<\/strong> ou WhatsApp <strong>(22) 99103-4275<\/strong><\/li>\n\n\n\n<li>Corpo de Bombeiros: <strong>193<\/strong><\/li>\n<\/ul>\n","protected":false},"excerpt":{"rendered":"<p>Defesa Civil emite alerta laranja para a regi\u00e3o serrana A Ponte do Frade, localizada na RJ-162, na regi\u00e3o serrana de Maca\u00e9, est\u00e1 passando por uma recupera\u00e7\u00e3o provis\u00f3ria ap\u00f3s ter parte de sua estrutura comprometida devido \u00e0s fortes chuvas do \u00faltimo fim de semana. O Departamento de Estradas de Rodagem (DER-RJ), vinculado ao Governo do Estado [&hellip;]<\/p>\n","protected":false},"author":2,"featured_media":18958,"comment_status":"closed","ping_status":"closed","sticky":false,"template":"","format":"standard","meta":{"postBodyCss":"","postBodyMargin":[],"postBodyPadding":[],"postBodyBackground":{"backgroundType":"classic","gradient":""},"footnotes":""},"categories":[42,67],"tags":[264,888,741,417],"class_list":["post-18957","post","type-post","status-publish","format-standard","has-post-thumbnail","hentry","category-macae","category-meio-ambiente","tag-chuvas","tag-frade","tag-ponte","tag-regiao-serrana"],"aioseo_notices":[],"_links":{"self":[{"href":"https:\/\/aconteceemmacaeeregiao.com.br\/index.php\/wp-json\/wp\/v2\/posts\/18957","targetHints":{"allow":["GET"]}}],"collection":[{"href":"https:\/\/aconteceemmacaeeregiao.com.br\/index.php\/wp-json\/wp\/v2\/posts"}],"about":[{"href":"https:\/\/aconteceemmacaeeregiao.com.br\/index.php\/wp-json\/wp\/v2\/types\/post"}],"author":[{"embeddable":true,"href":"https:\/\/aconteceemmacaeeregiao.com.br\/index.php\/wp-json\/wp\/v2\/users\/2"}],"replies":[{"embeddable":true,"href":"https:\/\/aconteceemmacaeeregiao.com.br\/index.php\/wp-json\/wp\/v2\/comments?post=18957"}],"version-history":[{"count":0,"href":"https:\/\/aconteceemmacaeeregiao.com.br\/index.php\/wp-json\/wp\/v2\/posts\/18957\/revisions"}],"wp:featuredmedia":[{"embeddable":true,"href":"https:\/\/aconteceemmacaeeregiao.com.br\/index.php\/wp-json\/wp\/v2\/media\/18958"}],"wp:attachment":[{"href":"https:\/\/aconteceemmacaeeregiao.com.br\/index.php\/wp-json\/wp\/v2\/media?parent=18957"}],"wp:term":[{"taxonomy":"category","embeddable":true,"href":"https:\/\/aconteceemmacaeeregiao.com.br\/index.php\/wp-json\/wp\/v2\/categories?post=18957"},{"taxonomy":"post_tag","embeddable":true,"href":"https:\/\/aconteceemmacaeeregiao.com.br\/index.php\/wp-json\/wp\/v2\/tags?post=18957"}],"curies":[{"name":"wp","href":"https:\/\/api.w.org\/{rel}","templated":true}]}}