{"id":18960,"date":"2025-01-08T18:50:30","date_gmt":"2025-01-08T21:50:30","guid":{"rendered":"https:\/\/aconteceemmacaeeregiao.com.br\/?p=18960"},"modified":"2025-01-08T18:50:31","modified_gmt":"2025-01-08T21:50:31","slug":"governo-e-estado-alinham-projetos-estruturantes-para-macae","status":"publish","type":"post","link":"https:\/\/aconteceemmacaeeregiao.com.br\/index.php\/2025\/01\/08\/governo-e-estado-alinham-projetos-estruturantes-para-macae\/","title":{"rendered":"Governo e Estado alinham projetos estruturantes para Maca\u00e9"},"content":{"rendered":"\n<p>Em um movimento estrat\u00e9gico para acompanhar o novo ciclo de desenvolvimento econ\u00f4mico, expans\u00e3o industrial e crescimento populacional de Maca\u00e9, representantes da prefeitura e do governo estadual se reuniram nesta quarta-feira (8), no Rio de Janeiro, para alinhar projetos estruturantes que visam transformar a infraestrutura e os servi\u00e7os da cidade. O encontro contou com a participa\u00e7\u00e3o dos secret\u00e1rios municipais de Governo, Juninho Luna, e de <a href=\"https:\/\/aconteceemmacaeeregiao.com.br\/index.php\/2024\/12\/06\/mobilidade-urbana-bondinho-da-praia-esta-de-volta-para-o-verao\/\" title=\"Mobilidade Urbana: Bondinho da Praia est\u00e1 de volta para o ver\u00e3o\">Mobilidade Urbana<\/a>, Jayme Muniz, recebidos pelo vice-governador do Estado, Thiago Pampolha.<\/p>\n\n\n\n<h3 class=\"wp-block-heading\"><strong>Parcerias para o futuro de Maca\u00e9<\/strong><\/h3>\n\n\n\n<p>Durante a reuni\u00e3o, foram debatidos temas relacionados a investimentos e melhorias em servi\u00e7os de assist\u00eancia direta \u00e0 popula\u00e7\u00e3o. O alinhamento estrat\u00e9gico com o Estado tem como objetivo garantir a execu\u00e7\u00e3o de iniciativas que posicionem Maca\u00e9 para um novo ciclo de crescimento, fortalecendo sua posi\u00e7\u00e3o como a <strong>Cidade Energia<\/strong>.<\/p>\n\n\n\n<blockquote class=\"wp-block-quote is-layout-flow wp-block-quote-is-layout-flow\">\n<p>\u201cO alinhamento com o governo do Estado \u00e9 importante para garantir o andamento de projetos que estruturam Maca\u00e9 para um novo ciclo de crescimento. Apresentamos ao vice-governador os novos dados e \u00edndices de desenvolvimento da cidade, estabelecendo parceria e incentivos que ajudam a planejar o futuro da nossa cidade\u201d, destacou o secret\u00e1rio de Governo, Juninho Luna.<\/p>\n<\/blockquote>\n\n\n\n<h3 class=\"wp-block-heading\"><strong>Mobilidade urbana como prioridade<\/strong><\/h3>\n\n\n\n<p>Entre os principais pontos da reuni\u00e3o, destacou-se a cria\u00e7\u00e3o de novos <strong>eixos vi\u00e1rios<\/strong>. Esses projetos visam otimizar o fluxo de tr\u00e2nsito para ve\u00edculos de uso dom\u00e9stico e fortalecer a log\u00edstica que atende aos diversos segmentos da economia local. A iniciativa reflete a necessidade de um planejamento conjunto para atender ao cen\u00e1rio de crescimento acelerado da cidade.<\/p>\n\n\n\n<blockquote class=\"wp-block-quote is-layout-flow wp-block-quote-is-layout-flow\">\n<p>\u201cA Mobilidade \u00e9 o reflexo do atual cen\u00e1rio de desenvolvimento de <a href=\"https:\/\/aconteceemmacaeeregiao.com.br\/index.php\/2025\/01\/06\/macae-em-alerta-possivel-mudanca-nos-royalties-ameaca-exploracao-de-petroleo\/\" title=\"Maca\u00e9 em alerta: poss\u00edvel mudan\u00e7a nos royalties amea\u00e7a explora\u00e7\u00e3o de petr\u00f3leo\">Maca\u00e9<\/a>, que requer um planejamento conjunto entre o munic\u00edpio e o Estado diante da import\u00e2ncia da nossa cidade para o Rio\u201d, pontuou Jayme Muniz, secret\u00e1rio de Mobilidade Urbana.<\/p>\n<\/blockquote>\n\n\n\n<h3 class=\"wp-block-heading\"><strong>Pr\u00f3ximos passos<\/strong><\/h3>\n\n\n\n<p>O encontro marca mais um passo na consolida\u00e7\u00e3o de parcerias entre a Prefeitura de Maca\u00e9 e o governo estadual, reafirmando o compromisso com o <a href=\"https:\/\/aconteceemmacaeeregiao.com.br\/index.php\/2024\/11\/05\/investimentos-da-petrobras-na-bacia-de-campos-ampliam-perspectivas-para-o-desenvolvimento-de-macae\/\" title=\"Investimentos da Petrobras na Bacia de Campos ampliam perspectivas para o desenvolvimento de Maca\u00e9\">desenvolvimento<\/a> sustent\u00e1vel e a melhoria da qualidade de vida da popula\u00e7\u00e3o.<\/p>\n\n\n\n<p>Maca\u00e9 segue como um dos principais polos de desenvolvimento do Estado do Rio de Janeiro, e os projetos estruturantes debatidos prometem atender \u00e0s demandas de crescimento econ\u00f4mico e populacional da cidade, consolidando sua posi\u00e7\u00e3o de destaque no cen\u00e1rio regional.<\/p>\n\n\n\n<p><strong>Fique por dentro das novidades sobre os projetos de infraestrutura e desenvolvimento de Maca\u00e9 em nosso portal!<\/strong><\/p>\n\n\n\n<p><em><a href=\"https:\/\/www.macae.rj.gov.br\/noticias\/leitura\/noticia\/governo-e-estado-alinham-projetos-estruturantes-para-macae\" title=\"\">Fonte: Secom Pref de Maca\u00e9<\/a><\/em><\/p>\n","protected":false},"excerpt":{"rendered":"<p>Em um movimento estrat\u00e9gico para acompanhar o novo ciclo de desenvolvimento econ\u00f4mico, expans\u00e3o industrial e crescimento populacional de Maca\u00e9, representantes da prefeitura e do governo estadual se reuniram nesta quarta-feira (8), no Rio de Janeiro, para alinhar projetos estruturantes que visam transformar a infraestrutura e os servi\u00e7os da cidade. O encontro contou com a participa\u00e7\u00e3o [&hellip;]<\/p>\n","protected":false},"author":2,"featured_media":18961,"comment_status":"closed","ping_status":"closed","sticky":false,"template":"","format":"standard","meta":{"postBodyCss":"","postBodyMargin":[],"postBodyPadding":[],"postBodyBackground":{"backgroundType":"classic","gradient":""},"footnotes":""},"categories":[45,42],"tags":[175,121,140,89],"class_list":["post-18960","post","type-post","status-publish","format-standard","has-post-thumbnail","hentry","category-economia","category-macae","tag-desenvolvimento","tag-governo-estadual","tag-mobilidade-urbana","tag-prefeitura"],"aioseo_notices":[],"_links":{"self":[{"href":"https:\/\/aconteceemmacaeeregiao.com.br\/index.php\/wp-json\/wp\/v2\/posts\/18960","targetHints":{"allow":["GET"]}}],"collection":[{"href":"https:\/\/aconteceemmacaeeregiao.com.br\/index.php\/wp-json\/wp\/v2\/posts"}],"about":[{"href":"https:\/\/aconteceemmacaeeregiao.com.br\/index.php\/wp-json\/wp\/v2\/types\/post"}],"author":[{"embeddable":true,"href":"https:\/\/aconteceemmacaeeregiao.com.br\/index.php\/wp-json\/wp\/v2\/users\/2"}],"replies":[{"embeddable":true,"href":"https:\/\/aconteceemmacaeeregiao.com.br\/index.php\/wp-json\/wp\/v2\/comments?post=18960"}],"version-history":[{"count":0,"href":"https:\/\/aconteceemmacaeeregiao.com.br\/index.php\/wp-json\/wp\/v2\/posts\/18960\/revisions"}],"wp:featuredmedia":[{"embeddable":true,"href":"https:\/\/aconteceemmacaeeregiao.com.br\/index.php\/wp-json\/wp\/v2\/media\/18961"}],"wp:attachment":[{"href":"https:\/\/aconteceemmacaeeregiao.com.br\/index.php\/wp-json\/wp\/v2\/media?parent=18960"}],"wp:term":[{"taxonomy":"category","embeddable":true,"href":"https:\/\/aconteceemmacaeeregiao.com.br\/index.php\/wp-json\/wp\/v2\/categories?post=18960"},{"taxonomy":"post_tag","embeddable":true,"href":"https:\/\/aconteceemmacaeeregiao.com.br\/index.php\/wp-json\/wp\/v2\/tags?post=18960"}],"curies":[{"name":"wp","href":"https:\/\/api.w.org\/{rel}","templated":true}]}}