{"id":18997,"date":"2025-01-14T18:04:55","date_gmt":"2025-01-14T21:04:55","guid":{"rendered":"https:\/\/aconteceemmacaeeregiao.com.br\/?p=18997"},"modified":"2025-01-14T18:04:56","modified_gmt":"2025-01-14T21:04:56","slug":"atriz-inez-viana-participa-de-formacao-para-profissionais-de-inclusao-em-macae","status":"publish","type":"post","link":"https:\/\/aconteceemmacaeeregiao.com.br\/index.php\/2025\/01\/14\/atriz-inez-viana-participa-de-formacao-para-profissionais-de-inclusao-em-macae\/","title":{"rendered":"Atriz Inez Viana participa de forma\u00e7\u00e3o para profissionais de inclus\u00e3o em Maca\u00e9"},"content":{"rendered":"\n<p>A forma\u00e7\u00e3o dos profissionais de apoio \u00e0 inclus\u00e3o da Rede Municipal de Ensino de <a href=\"https:\/\/aconteceemmacaeeregiao.com.br\/index.php\/2025\/01\/14\/concurso-macae-resultado-preliminar-da-avaliacao-de-titulos-ja-disponivel\/\" title=\"Concurso Maca\u00e9: Resultado preliminar da avalia\u00e7\u00e3o de t\u00edtulos j\u00e1 dispon\u00edvel\">Maca\u00e9<\/a> foi intensificada neste m\u00eas de janeiro. Nesta ter\u00e7a-feira (14), a atriz e diretora teatral Inez Viana, conhecida por seus trabalhos na Rede Globo, participou da programa\u00e7\u00e3o com uma palestra sobre <strong>&#8220;Autoconfian\u00e7a, Mem\u00f3ria e Curiosidade&#8221;<\/strong>, promovendo reflex\u00f5es enriquecedoras.<\/p>\n\n\n\n<p>Os 112 profissionais, capacitados pela Escola Sentrinho, ingressaram nas escolas em outubro de 2024 e voltar\u00e3o \u00e0s atividades em fevereiro. A presidente do Sentrinho, Rita Manh\u00e3es, destacou que o objetivo da forma\u00e7\u00e3o \u00e9 preparar um profissional humanizado e sens\u00edvel, capaz de acolher e respeitar a diversidade no ambiente escolar.<\/p>\n\n\n\n<p><strong>Abordagens diversificadas<\/strong><br>Durante a forma\u00e7\u00e3o, que segue at\u00e9 a pr\u00f3xima semana, os participantes t\u00eam contato com temas como:<\/p>\n\n\n\n<ul class=\"wp-block-list\">\n<li><strong>Rela\u00e7\u00e3o T\u00e9cnica\/Afeto no Papel do Profissional de Apoio<\/strong>;<\/li>\n\n\n\n<li><strong>Psicologiza\u00e7\u00e3o da Educa\u00e7\u00e3o como Elemento Fundamental no Processo de Exclus\u00e3o<\/strong>.<\/li>\n<\/ul>\n\n\n\n<p>Os encontros contam com a participa\u00e7\u00e3o de especialistas como Jos\u00e9 Medeiros Machado (psic\u00f3logo e diretor do <a href=\"https:\/\/aconteceemmacaeeregiao.com.br\/index.php\/2024\/05\/14\/feira-de-talento-pcd-conectando-pessoas-com-deficiencia-as-oportunidades-do-setor-de-energia\/\" title=\"Feira de Talento PCD: Conectando pessoas com defici\u00eancia \u00e0s oportunidades do setor de energia\">Sentrinho<\/a>), Fl\u00e1via Tavares Elias (Doutora em Pol\u00edticas P\u00fablicas) e Renata Monteiro Jaber (psic\u00f3loga e diretora do Sentrinho).<\/p>\n\n\n<div class=\"wp-block-image\">\n<figure class=\"aligncenter size-large\"><img fetchpriority=\"high\" decoding=\"async\" width=\"1024\" height=\"683\" src=\"https:\/\/aconteceemmacaeeregiao.com.br\/wp-content\/uploads\/2025\/01\/1736943173-1024x683.jpg\" alt=\"\" class=\"wp-image-18999\" srcset=\"https:\/\/aconteceemmacaeeregiao.com.br\/wp-content\/uploads\/2025\/01\/1736943173-1024x683.jpg 1024w, https:\/\/aconteceemmacaeeregiao.com.br\/wp-content\/uploads\/2025\/01\/1736943173-300x200.jpg 300w, https:\/\/aconteceemmacaeeregiao.com.br\/wp-content\/uploads\/2025\/01\/1736943173-768x512.jpg 768w, https:\/\/aconteceemmacaeeregiao.com.br\/wp-content\/uploads\/2025\/01\/1736943173-1200x800.jpg 1200w, https:\/\/aconteceemmacaeeregiao.com.br\/wp-content\/uploads\/2025\/01\/1736943173.jpg 1417w\" sizes=\"(max-width: 1024px) 100vw, 1024px\" \/><figcaption class=\"wp-element-caption\">Pol\u00edtica de Inclus\u00e3o no Sentrinho, com a participa\u00e7\u00e3o da atriz Inez Viana. Maca\u00e9\/RJ.<\/figcaption><\/figure>\n<\/div>\n\n\n<p><strong>Inclus\u00e3o como prioridade<\/strong><br>O secret\u00e1rio de Educa\u00e7\u00e3o, Roberio Dias, destacou a parceria com o Sentrinho como essencial para fortalecer a pol\u00edtica de inclus\u00e3o da rede. \u201cA forma\u00e7\u00e3o oferecida \u00e9 imprescind\u00edvel para garantir um atendimento de qualidade \u00e0s crian\u00e7as com defici\u00eancia do munic\u00edpio\u201d, afirmou.<\/p>\n\n\n\n<p>Com 35 anos de atua\u00e7\u00e3o, o Sentrinho \u00e9 refer\u00eancia em inclus\u00e3o e segue trabalhando para atender as demandas das 107 escolas municipais, desde a Educa\u00e7\u00e3o Infantil.<\/p>\n\n\n\n<p><em><a href=\"https:\/\/www.macae.rj.gov.br\/noticias\/leitura\/noticia\/atriz-inez-viana-participa-de-formacao-de-profissionais-de-apoio-a-inclusao-em-macae\" title=\"\">Fonte: Secom Pref de Maca\u00e9<\/a><\/em><\/p>\n","protected":false},"excerpt":{"rendered":"<p>A forma\u00e7\u00e3o dos profissionais de apoio \u00e0 inclus\u00e3o da Rede Municipal de Ensino de Maca\u00e9 foi intensificada neste m\u00eas de janeiro. Nesta ter\u00e7a-feira (14), a atriz e diretora teatral Inez Viana, conhecida por seus trabalhos na Rede Globo, participou da programa\u00e7\u00e3o com uma palestra sobre &#8220;Autoconfian\u00e7a, Mem\u00f3ria e Curiosidade&#8221;, promovendo reflex\u00f5es enriquecedoras. Os 112 profissionais, [&hellip;]<\/p>\n","protected":false},"author":2,"featured_media":18998,"comment_status":"closed","ping_status":"closed","sticky":false,"template":"","format":"standard","meta":{"postBodyCss":"","postBodyMargin":[],"postBodyPadding":[],"postBodyBackground":{"backgroundType":"classic","gradient":""},"footnotes":""},"categories":[61,42],"tags":[455,288,89,1034],"class_list":["post-18997","post","type-post","status-publish","format-standard","has-post-thumbnail","hentry","category-educacao","category-macae","tag-escola-publica","tag-inclusao","tag-prefeitura","tag-sentrinho"],"aioseo_notices":[],"_links":{"self":[{"href":"https:\/\/aconteceemmacaeeregiao.com.br\/index.php\/wp-json\/wp\/v2\/posts\/18997","targetHints":{"allow":["GET"]}}],"collection":[{"href":"https:\/\/aconteceemmacaeeregiao.com.br\/index.php\/wp-json\/wp\/v2\/posts"}],"about":[{"href":"https:\/\/aconteceemmacaeeregiao.com.br\/index.php\/wp-json\/wp\/v2\/types\/post"}],"author":[{"embeddable":true,"href":"https:\/\/aconteceemmacaeeregiao.com.br\/index.php\/wp-json\/wp\/v2\/users\/2"}],"replies":[{"embeddable":true,"href":"https:\/\/aconteceemmacaeeregiao.com.br\/index.php\/wp-json\/wp\/v2\/comments?post=18997"}],"version-history":[{"count":0,"href":"https:\/\/aconteceemmacaeeregiao.com.br\/index.php\/wp-json\/wp\/v2\/posts\/18997\/revisions"}],"wp:featuredmedia":[{"embeddable":true,"href":"https:\/\/aconteceemmacaeeregiao.com.br\/index.php\/wp-json\/wp\/v2\/media\/18998"}],"wp:attachment":[{"href":"https:\/\/aconteceemmacaeeregiao.com.br\/index.php\/wp-json\/wp\/v2\/media?parent=18997"}],"wp:term":[{"taxonomy":"category","embeddable":true,"href":"https:\/\/aconteceemmacaeeregiao.com.br\/index.php\/wp-json\/wp\/v2\/categories?post=18997"},{"taxonomy":"post_tag","embeddable":true,"href":"https:\/\/aconteceemmacaeeregiao.com.br\/index.php\/wp-json\/wp\/v2\/tags?post=18997"}],"curies":[{"name":"wp","href":"https:\/\/api.w.org\/{rel}","templated":true}]}}