{"id":19001,"date":"2025-01-14T18:14:48","date_gmt":"2025-01-14T21:14:48","guid":{"rendered":"https:\/\/aconteceemmacaeeregiao.com.br\/?p=19001"},"modified":"2025-01-14T18:15:06","modified_gmt":"2025-01-14T21:15:06","slug":"central-do-trabalhador-de-macae-divulga-188-vagas-de-emprego","status":"publish","type":"post","link":"https:\/\/aconteceemmacaeeregiao.com.br\/index.php\/2025\/01\/14\/central-do-trabalhador-de-macae-divulga-188-vagas-de-emprego\/","title":{"rendered":"Central do Trabalhador de Maca\u00e9 divulga 188 vagas de emprego"},"content":{"rendered":"\n<p>A Central do Trabalhador de Maca\u00e9 est\u00e1 oferecendo <strong>188 vagas de emprego<\/strong> em diversas \u00e1reas. Entre as oportunidades dispon\u00edveis, os destaques s\u00e3o:<\/p>\n\n\n\n<ul class=\"wp-block-list\">\n<li><strong>Caldeireiro<\/strong> (24 vagas);<\/li>\n\n\n\n<li><strong>Supervisor de Eletromec\u00e2nica N3<\/strong> (23);<\/li>\n\n\n\n<li><strong>Soldador<\/strong> (17);<\/li>\n\n\n\n<li><strong>Pintor Escalador<\/strong> (15);<\/li>\n\n\n\n<li><strong>Inspetor de Qualidade Escalador N\u00edvel 1 ou 2<\/strong> (14);<\/li>\n\n\n\n<li><strong>Mec\u00e2nico Escalador<\/strong> e <strong>Repositor de Mercado<\/strong> (10 vagas cada).<\/li>\n<\/ul>\n\n\n\n<p>Tamb\u00e9m h\u00e1 vagas para outras profiss\u00f5es como gar\u00e7om, auxiliar de produ\u00e7\u00e3o (padaria), auxiliar de servi\u00e7os gerais e vendedor.<\/p>\n\n\n\n<p>Essa iniciativa da Prefeitura de Maca\u00e9, por meio da Secretaria de Desenvolvimento Econ\u00f4mico, Trabalho e Renda, busca estimular o crescimento econ\u00f4mico local e criar mais oportunidades para os moradores.<\/p>\n\n\n\n<p><strong>Como se candidatar<\/strong><br>Os interessados devem se dirigir \u00e0 Central do Trabalhador, localizada no <strong>Edif\u00edcio Comercial Lotus<\/strong>, na Avenida Nossa Senhora da Gl\u00f3ria, 1.181, Praia Campista. O atendimento acontece de segunda a sexta-feira, das <strong>8h \u00e0s 17h<\/strong>, em dias \u00fateis.<\/p>\n\n\n\n<p><strong>Documentos necess\u00e1rios<\/strong>:<\/p>\n\n\n\n<ul class=\"wp-block-list\">\n<li>Identidade;<\/li>\n\n\n\n<li>CPF;<\/li>\n\n\n\n<li>Comprovante de resid\u00eancia.<\/li>\n<\/ul>\n\n\n\n<p>Para verificar as vagas, basta acessar o portal da prefeitura.&nbsp;<a href=\"https:\/\/sistemas.macae.rj.gov.br:84\/trabalhoerenda\/index\/mural\"><strong>Clique e confira a lista completa de vagas dispon\u00edveis<\/strong><\/a>.<\/p>\n\n\n\n<p>O \u00f3rg\u00e3o tamb\u00e9m disponibiliza link espec\u00edfico onde \u00e9 poss\u00edvel ao trabalhador preencher o&nbsp;<a href=\"https:\/\/sistemas.macae.rj.gov.br:84\/trabalhoerenda\/\"><strong>cadastro para vagas de emprego de forma online<\/strong><\/a>.<\/p>\n\n\n\n<p>O acesso ao empres\u00e1rio tamb\u00e9m \u00e9 disponibilizado para&nbsp;<a href=\"https:\/\/sistemas.macae.rj.gov.br:84\/trabalhoerenda\/\"><strong>cadastrar novas vagas de emprego<\/strong><\/a>.<\/p>\n\n\n\n<p>N\u00e3o perca a chance de garantir sua oportunidade!<\/p>\n\n\n\n<p><em><a href=\"https:\/\/www.macae.rj.gov.br\/noticias\/leitura\/noticia\/central-do-trabalhador-de-macae-divulga-188-vagas-de-emprego\" title=\"\">Fonte: Secom Pref de Maca\u00e9<\/a><\/em><\/p>\n","protected":false},"excerpt":{"rendered":"<p>A Central do Trabalhador de Maca\u00e9 est\u00e1 oferecendo 188 vagas de emprego em diversas \u00e1reas. Entre as oportunidades dispon\u00edveis, os destaques s\u00e3o: Tamb\u00e9m h\u00e1 vagas para outras profiss\u00f5es como gar\u00e7om, auxiliar de produ\u00e7\u00e3o (padaria), auxiliar de servi\u00e7os gerais e vendedor. Essa iniciativa da Prefeitura de Maca\u00e9, por meio da Secretaria de Desenvolvimento Econ\u00f4mico, Trabalho e [&hellip;]<\/p>\n","protected":false},"author":2,"featured_media":14683,"comment_status":"closed","ping_status":"closed","sticky":false,"template":"","format":"standard","meta":{"postBodyCss":"","postBodyMargin":[],"postBodyPadding":[],"postBodyBackground":{"backgroundType":"classic","gradient":""},"footnotes":""},"categories":[73,42],"tags":[77,82,89,87],"class_list":["post-19001","post","type-post","status-publish","format-standard","has-post-thumbnail","hentry","category-emprego","category-macae","tag-emprego","tag-oportunidade","tag-prefeitura","tag-vagas"],"aioseo_notices":[],"_links":{"self":[{"href":"https:\/\/aconteceemmacaeeregiao.com.br\/index.php\/wp-json\/wp\/v2\/posts\/19001","targetHints":{"allow":["GET"]}}],"collection":[{"href":"https:\/\/aconteceemmacaeeregiao.com.br\/index.php\/wp-json\/wp\/v2\/posts"}],"about":[{"href":"https:\/\/aconteceemmacaeeregiao.com.br\/index.php\/wp-json\/wp\/v2\/types\/post"}],"author":[{"embeddable":true,"href":"https:\/\/aconteceemmacaeeregiao.com.br\/index.php\/wp-json\/wp\/v2\/users\/2"}],"replies":[{"embeddable":true,"href":"https:\/\/aconteceemmacaeeregiao.com.br\/index.php\/wp-json\/wp\/v2\/comments?post=19001"}],"version-history":[{"count":0,"href":"https:\/\/aconteceemmacaeeregiao.com.br\/index.php\/wp-json\/wp\/v2\/posts\/19001\/revisions"}],"wp:featuredmedia":[{"embeddable":true,"href":"https:\/\/aconteceemmacaeeregiao.com.br\/index.php\/wp-json\/wp\/v2\/media\/14683"}],"wp:attachment":[{"href":"https:\/\/aconteceemmacaeeregiao.com.br\/index.php\/wp-json\/wp\/v2\/media?parent=19001"}],"wp:term":[{"taxonomy":"category","embeddable":true,"href":"https:\/\/aconteceemmacaeeregiao.com.br\/index.php\/wp-json\/wp\/v2\/categories?post=19001"},{"taxonomy":"post_tag","embeddable":true,"href":"https:\/\/aconteceemmacaeeregiao.com.br\/index.php\/wp-json\/wp\/v2\/tags?post=19001"}],"curies":[{"name":"wp","href":"https:\/\/api.w.org\/{rel}","templated":true}]}}