{"id":19062,"date":"2025-01-20T22:31:43","date_gmt":"2025-01-21T01:31:43","guid":{"rendered":"https:\/\/aconteceemmacaeeregiao.com.br\/?p=19062"},"modified":"2025-01-20T22:31:44","modified_gmt":"2025-01-21T01:31:44","slug":"sesc-verao-2025-em-macae-musica-esportes-e-diversao-gratuitos","status":"publish","type":"post","link":"https:\/\/aconteceemmacaeeregiao.com.br\/index.php\/2025\/01\/20\/sesc-verao-2025-em-macae-musica-esportes-e-diversao-gratuitos\/","title":{"rendered":"Sesc Ver\u00e3o 2025 em Maca\u00e9: m\u00fasica, esportes e divers\u00e3o gratuitos"},"content":{"rendered":"\n<p>O Sesc Ver\u00e3o 2025 em Maca\u00e9 promete agitar a cidade com uma programa\u00e7\u00e3o gratuita que re\u00fane m\u00fasica, esportes e cultura. De 1\u00ba a 16 de fevereiro, a <a href=\"https:\/\/aconteceemmacaeeregiao.com.br\/index.php\/2024\/12\/06\/natal-em-macae-vila-do-papai-noel-e-parque-da-praia-campista-sao-inaugurados-nesta-sexta-6\/\" title=\"Natal em Maca\u00e9: Vila do Papai Noel e Parque da Praia Campista s\u00e3o inaugurados nesta sexta (6)\">Praia Campista<\/a> e a Praia dos Cavaleiros ser\u00e3o os palcos do evento, realizado pelo Sesc Rio em parceria com a Prefeitura de Maca\u00e9.<\/p>\n\n\n\n<p>Na <strong>Arena Esportiva da Praia Campista<\/strong>, os finais de semana ser\u00e3o recheados de atividades: recrea\u00e7\u00e3o, oficinas, exposi\u00e7\u00f5es e competi\u00e7\u00f5es esportivas. Os hor\u00e1rios variam: aos s\u00e1bados, das 9h \u00e0s 12h, e aos domingos, das 14h \u00e0s 17h.<\/p>\n\n\n\n<p>Os <strong><a href=\"https:\/\/aconteceemmacaeeregiao.com.br\/index.php\/2025\/01\/15\/sesc-verao-2025-shows-e-atividades-em-casimiro-de-abreu-e-rio-das-ostras\/\" title=\"Sesc Ver\u00e3o 2025: Shows e Atividades em Casimiro de Abreu e Rio das Ostras\">shows musicais<\/a><\/strong> tamb\u00e9m s\u00e3o destaque. Aos s\u00e1bados, \u00e0s 21h, artistas de renome nacional sobem ao palco, como Nando Reis (1\/2), Xande de Pilares (8\/2) e Os Paralamas do Sucesso (15\/2). J\u00e1 os domingos, \u00e0s 20h, s\u00e3o dedicados aos talentos locais, com Raiz do Sana (2\/2), O Rei e o Profeta&#8230;E a Rainha Tamb\u00e9m (9\/2) e Madame Escarlate (16\/2).<\/p>\n\n\n\n<p>Prepare-se para aproveitar o ver\u00e3o com seguran\u00e7a e leve o b\u00e1sico: \u00e1gua, protetor solar e disposi\u00e7\u00e3o. N\u00e3o perca!<\/p>\n\n\n\n<p><em><a href=\"https:\/\/www.macae.rj.gov.br\/noticias\/leitura\/noticia\/sesc-verao-2025-shows-e-arena-esportiva-comecam-dia-1\" title=\"\">Fonte: Secom Pref de Maca\u00e9<\/a><\/em><\/p>\n","protected":false},"excerpt":{"rendered":"<p>O Sesc Ver\u00e3o 2025 em Maca\u00e9 promete agitar a cidade com uma programa\u00e7\u00e3o gratuita que re\u00fane m\u00fasica, esportes e cultura. De 1\u00ba a 16 de fevereiro, a Praia Campista e a Praia dos Cavaleiros ser\u00e3o os palcos do evento, realizado pelo Sesc Rio em parceria com a Prefeitura de Maca\u00e9. Na Arena Esportiva da Praia [&hellip;]<\/p>\n","protected":false},"author":2,"featured_media":19063,"comment_status":"closed","ping_status":"closed","sticky":false,"template":"","format":"standard","meta":{"postBodyCss":"","postBodyMargin":[],"postBodyPadding":[],"postBodyBackground":{"backgroundType":"classic","gradient":""},"footnotes":""},"categories":[46,42],"tags":[156,90,125],"class_list":["post-19062","post","type-post","status-publish","format-standard","has-post-thumbnail","hentry","category-diversao","category-macae","tag-sesc","tag-shows","tag-verao"],"aioseo_notices":[],"_links":{"self":[{"href":"https:\/\/aconteceemmacaeeregiao.com.br\/index.php\/wp-json\/wp\/v2\/posts\/19062","targetHints":{"allow":["GET"]}}],"collection":[{"href":"https:\/\/aconteceemmacaeeregiao.com.br\/index.php\/wp-json\/wp\/v2\/posts"}],"about":[{"href":"https:\/\/aconteceemmacaeeregiao.com.br\/index.php\/wp-json\/wp\/v2\/types\/post"}],"author":[{"embeddable":true,"href":"https:\/\/aconteceemmacaeeregiao.com.br\/index.php\/wp-json\/wp\/v2\/users\/2"}],"replies":[{"embeddable":true,"href":"https:\/\/aconteceemmacaeeregiao.com.br\/index.php\/wp-json\/wp\/v2\/comments?post=19062"}],"version-history":[{"count":0,"href":"https:\/\/aconteceemmacaeeregiao.com.br\/index.php\/wp-json\/wp\/v2\/posts\/19062\/revisions"}],"wp:featuredmedia":[{"embeddable":true,"href":"https:\/\/aconteceemmacaeeregiao.com.br\/index.php\/wp-json\/wp\/v2\/media\/19063"}],"wp:attachment":[{"href":"https:\/\/aconteceemmacaeeregiao.com.br\/index.php\/wp-json\/wp\/v2\/media?parent=19062"}],"wp:term":[{"taxonomy":"category","embeddable":true,"href":"https:\/\/aconteceemmacaeeregiao.com.br\/index.php\/wp-json\/wp\/v2\/categories?post=19062"},{"taxonomy":"post_tag","embeddable":true,"href":"https:\/\/aconteceemmacaeeregiao.com.br\/index.php\/wp-json\/wp\/v2\/tags?post=19062"}],"curies":[{"name":"wp","href":"https:\/\/api.w.org\/{rel}","templated":true}]}}