{"id":19068,"date":"2025-01-20T22:42:16","date_gmt":"2025-01-21T01:42:16","guid":{"rendered":"https:\/\/aconteceemmacaeeregiao.com.br\/?p=19068"},"modified":"2025-01-20T22:42:16","modified_gmt":"2025-01-21T01:42:16","slug":"central-do-trabalhador-de-macae-oferece-121-vagas-de-emprego-esta-semana","status":"publish","type":"post","link":"https:\/\/aconteceemmacaeeregiao.com.br\/index.php\/2025\/01\/20\/central-do-trabalhador-de-macae-oferece-121-vagas-de-emprego-esta-semana\/","title":{"rendered":"Central do Trabalhador de Maca\u00e9 oferece 121 vagas de emprego esta semana"},"content":{"rendered":"\n<p>A Central do Trabalhador de<a href=\"https:\/\/aconteceemmacaeeregiao.com.br\/index.php\/2025\/01\/17\/inscricoes-abertas-para-escola-municipal-de-surf-em-macae\/\" title=\"Inscri\u00e7\u00f5es abertas para Escola Municipal de Surf em Maca\u00e9\"> Maca\u00e9<\/a> iniciou a semana com 121 oportunidades de emprego em diversas \u00e1reas. Entre os destaques, est\u00e3o 10 vagas para soldador, 8 para operador de caixa e 6 para recepcionista de restaurante. Outras fun\u00e7\u00f5es dispon\u00edveis incluem marceneiro, gar\u00e7om, cumim, professor de Educa\u00e7\u00e3o F\u00edsica, entre outras.<\/p>\n\n\n\n<p>Os interessados devem se dirigir \u00e0 Central do <a href=\"https:\/\/aconteceemmacaeeregiao.com.br\/index.php\/2025\/01\/14\/central-do-trabalhador-de-macae-divulga-188-vagas-de-emprego\/\" title=\"Central do Trabalhador de Maca\u00e9 divulga 188 vagas de emprego\">Trabalhado<\/a>r, vinculada \u00e0 Secretaria de Desenvolvimento Econ\u00f4mico, Trabalho e Renda, localizada no Edif\u00edcio Comercial Lotus, Avenida Nossa Senhora da Gl\u00f3ria, 1.181, Praia Campista. O atendimento \u00e9 realizado de segunda a sexta-feira, das 8h \u00e0s 17h.<\/p>\n\n\n\n<h3 class=\"wp-block-heading\"><strong>Documentos necess\u00e1rios<\/strong><\/h3>\n\n\n\n<ul class=\"wp-block-list\">\n<li>Identidade (RG);<\/li>\n\n\n\n<li>CPF;<\/li>\n\n\n\n<li>Comprovante de resid\u00eancia.<\/li>\n<\/ul>\n\n\n\n<p>Para verificar as vagas, basta acessar o portal da prefeitura.&nbsp;<a href=\"https:\/\/sistemas.macae.rj.gov.br:84\/trabalhoerenda\/index\/mural\"><strong>Clique e confira a lista completa de vagas dispon\u00edveis<\/strong><\/a>.<\/p>\n\n\n\n<p>O \u00f3rg\u00e3o tamb\u00e9m disponibiliza link espec\u00edfico onde \u00e9 poss\u00edvel ao trabalhador preencher o&nbsp;<a href=\"https:\/\/sistemas.macae.rj.gov.br:84\/trabalhoerenda\/\"><strong>cadastro para vagas de emprego de forma online<\/strong><\/a>.<\/p>\n\n\n\n<p>O acesso ao empres\u00e1rio tamb\u00e9m \u00e9 disponibilizado para&nbsp;<a href=\"https:\/\/sistemas.macae.rj.gov.br:84\/trabalhoerenda\/\"><strong>cadastrar novas vagas de emprego<\/strong><\/a>.<\/p>\n\n\n\n<p><strong>Dica:<\/strong> Chegue cedo para evitar filas e tenha seus documentos organizados. Prepare-se para poss\u00edveis entrevistas e leve um curr\u00edculo atualizado. Boa sorte!<\/p>\n\n\n\n<p><em>Fonte: Secom Pref de Maca\u00e9<\/em><\/p>\n","protected":false},"excerpt":{"rendered":"<p>A Central do Trabalhador de Maca\u00e9 iniciou a semana com 121 oportunidades de emprego em diversas \u00e1reas. Entre os destaques, est\u00e3o 10 vagas para soldador, 8 para operador de caixa e 6 para recepcionista de restaurante. Outras fun\u00e7\u00f5es dispon\u00edveis incluem marceneiro, gar\u00e7om, cumim, professor de Educa\u00e7\u00e3o F\u00edsica, entre outras. Os interessados devem se dirigir \u00e0 [&hellip;]<\/p>\n","protected":false},"author":2,"featured_media":19069,"comment_status":"closed","ping_status":"closed","sticky":false,"template":"","format":"standard","meta":{"postBodyCss":"","postBodyMargin":[],"postBodyPadding":[],"postBodyBackground":{"backgroundType":"classic","gradient":""},"footnotes":""},"categories":[73,42],"tags":[82,89,87],"class_list":["post-19068","post","type-post","status-publish","format-standard","has-post-thumbnail","hentry","category-emprego","category-macae","tag-oportunidade","tag-prefeitura","tag-vagas"],"aioseo_notices":[],"_links":{"self":[{"href":"https:\/\/aconteceemmacaeeregiao.com.br\/index.php\/wp-json\/wp\/v2\/posts\/19068","targetHints":{"allow":["GET"]}}],"collection":[{"href":"https:\/\/aconteceemmacaeeregiao.com.br\/index.php\/wp-json\/wp\/v2\/posts"}],"about":[{"href":"https:\/\/aconteceemmacaeeregiao.com.br\/index.php\/wp-json\/wp\/v2\/types\/post"}],"author":[{"embeddable":true,"href":"https:\/\/aconteceemmacaeeregiao.com.br\/index.php\/wp-json\/wp\/v2\/users\/2"}],"replies":[{"embeddable":true,"href":"https:\/\/aconteceemmacaeeregiao.com.br\/index.php\/wp-json\/wp\/v2\/comments?post=19068"}],"version-history":[{"count":0,"href":"https:\/\/aconteceemmacaeeregiao.com.br\/index.php\/wp-json\/wp\/v2\/posts\/19068\/revisions"}],"wp:featuredmedia":[{"embeddable":true,"href":"https:\/\/aconteceemmacaeeregiao.com.br\/index.php\/wp-json\/wp\/v2\/media\/19069"}],"wp:attachment":[{"href":"https:\/\/aconteceemmacaeeregiao.com.br\/index.php\/wp-json\/wp\/v2\/media?parent=19068"}],"wp:term":[{"taxonomy":"category","embeddable":true,"href":"https:\/\/aconteceemmacaeeregiao.com.br\/index.php\/wp-json\/wp\/v2\/categories?post=19068"},{"taxonomy":"post_tag","embeddable":true,"href":"https:\/\/aconteceemmacaeeregiao.com.br\/index.php\/wp-json\/wp\/v2\/tags?post=19068"}],"curies":[{"name":"wp","href":"https:\/\/api.w.org\/{rel}","templated":true}]}}