{"id":19131,"date":"2025-01-28T22:03:27","date_gmt":"2025-01-29T01:03:27","guid":{"rendered":"https:\/\/aconteceemmacaeeregiao.com.br\/?p=19131"},"modified":"2025-01-28T22:03:28","modified_gmt":"2025-01-29T01:03:28","slug":"bloco-resistencia-faz-ensaio-aberto-nesta-quinta-feira-em-cabo-frio","status":"publish","type":"post","link":"https:\/\/aconteceemmacaeeregiao.com.br\/index.php\/2025\/01\/28\/bloco-resistencia-faz-ensaio-aberto-nesta-quinta-feira-em-cabo-frio\/","title":{"rendered":"Bloco Resist\u00eancia faz ensaio aberto nesta quinta-feira em Cabo Frio"},"content":{"rendered":"\n<p>O pr\u00e9-carnaval em <a href=\"https:\/\/aconteceemmacaeeregiao.com.br\/index.php\/2025\/01\/24\/denuncias-abalam-o-projeto-ide-desvio-de-recursos-e-abuso-religioso-em-cabo-frio\/\" title=\"Den\u00fancias abalam o Projeto IDE: desvio de recursos e abuso religioso em Cabo Frio\">Cabo Frio<\/a> ganha mais vida com o <strong>ensaio aberto do Bloco Resist\u00eancia<\/strong>, que acontece nesta <strong>quinta-feira (30)<\/strong>, no <strong>Quintal da Gororoba<\/strong> (R. Ismar Gomes de Azevedo, 597 &#8211; Centro). O evento ser\u00e1 das <strong>17h \u00e0s 22h<\/strong> e promete animar os foli\u00f5es com um repert\u00f3rio diversificado, que vai de marchinhas e sambas a ritmos contempor\u00e2neos.<\/p>\n\n\n\n<p>\ud83c\udfb6 <strong>Sobre o Bloco Resist\u00eancia<\/strong><br>Criado em 2023, o bloco pertence ao movimento de <strong>neofanfarras<\/strong>, composto por instrumentos de sopro e percuss\u00e3o. Com cerca de 50 ritmistas e m\u00fasicos, ele tamb\u00e9m tem uma miss\u00e3o pedag\u00f3gica: oferecer oficinas para iniciantes e acolher a diversidade, proporcionando uma experi\u00eancia \u00fanica para quem ama carnaval.<\/p>\n\n\n\n<p>\ud83d\udcc5 <strong>Cortejo oficial:<\/strong><br>O desfile oficial do bloco ser\u00e1 na <strong>Orla das Palmeiras<\/strong>, no dia <strong>1\u00ba de mar\u00e7o<\/strong>, pela manh\u00e3, marcando a abertura do <strong>Carnaval 2025<\/strong> em Cabo Frio.<\/p>\n\n\n\n<p>\ud83d\udcf2 <strong>Mais informa\u00e7\u00f5es:<\/strong><br>Siga a p\u00e1gina oficial no Instagram: <a href=\"https:\/\/instagram.com\/blocoaresistencia\">@blocoaresistencia<\/a>.<\/p>\n\n\n\n<p>N\u00e3o perca a chance de conferir o ensaio e se preparar para o carnaval mais animado de Cabo Frio!<\/p>\n\n\n\n<p><em><a href=\"https:\/\/www.folhadoslagos.com\/cultura\/bloco-resistencia-faz-ensaio-aberto-em-cabo-frio-nesta-quinta-feira\/21375\/\" title=\"\">Fonte Folha dos Lagos<\/a><\/em><\/p>\n","protected":false},"excerpt":{"rendered":"<p>O pr\u00e9-carnaval em Cabo Frio ganha mais vida com o ensaio aberto do Bloco Resist\u00eancia, que acontece nesta quinta-feira (30), no Quintal da Gororoba (R. Ismar Gomes de Azevedo, 597 &#8211; Centro). O evento ser\u00e1 das 17h \u00e0s 22h e promete animar os foli\u00f5es com um repert\u00f3rio diversificado, que vai de marchinhas e sambas a [&hellip;]<\/p>\n","protected":false},"author":2,"featured_media":19132,"comment_status":"closed","ping_status":"closed","sticky":false,"template":"","format":"standard","meta":{"postBodyCss":"","postBodyMargin":[],"postBodyPadding":[],"postBodyBackground":{"backgroundType":"classic","gradient":""},"footnotes":""},"categories":[155,46,43],"tags":[868,148,1036],"class_list":["post-19131","post","type-post","status-publish","format-standard","has-post-thumbnail","hentry","category-cabo-frio","category-diversao","category-regiao","tag-bloco","tag-carnaval","tag-carnaval-2025"],"aioseo_notices":[],"_links":{"self":[{"href":"https:\/\/aconteceemmacaeeregiao.com.br\/index.php\/wp-json\/wp\/v2\/posts\/19131","targetHints":{"allow":["GET"]}}],"collection":[{"href":"https:\/\/aconteceemmacaeeregiao.com.br\/index.php\/wp-json\/wp\/v2\/posts"}],"about":[{"href":"https:\/\/aconteceemmacaeeregiao.com.br\/index.php\/wp-json\/wp\/v2\/types\/post"}],"author":[{"embeddable":true,"href":"https:\/\/aconteceemmacaeeregiao.com.br\/index.php\/wp-json\/wp\/v2\/users\/2"}],"replies":[{"embeddable":true,"href":"https:\/\/aconteceemmacaeeregiao.com.br\/index.php\/wp-json\/wp\/v2\/comments?post=19131"}],"version-history":[{"count":0,"href":"https:\/\/aconteceemmacaeeregiao.com.br\/index.php\/wp-json\/wp\/v2\/posts\/19131\/revisions"}],"wp:featuredmedia":[{"embeddable":true,"href":"https:\/\/aconteceemmacaeeregiao.com.br\/index.php\/wp-json\/wp\/v2\/media\/19132"}],"wp:attachment":[{"href":"https:\/\/aconteceemmacaeeregiao.com.br\/index.php\/wp-json\/wp\/v2\/media?parent=19131"}],"wp:term":[{"taxonomy":"category","embeddable":true,"href":"https:\/\/aconteceemmacaeeregiao.com.br\/index.php\/wp-json\/wp\/v2\/categories?post=19131"},{"taxonomy":"post_tag","embeddable":true,"href":"https:\/\/aconteceemmacaeeregiao.com.br\/index.php\/wp-json\/wp\/v2\/tags?post=19131"}],"curies":[{"name":"wp","href":"https:\/\/api.w.org\/{rel}","templated":true}]}}