{"id":19159,"date":"2025-02-04T10:01:24","date_gmt":"2025-02-04T13:01:24","guid":{"rendered":"https:\/\/aconteceemmacaeeregiao.com.br\/?p=19159"},"modified":"2025-02-04T10:01:25","modified_gmt":"2025-02-04T13:01:25","slug":"programa-nova-vida-retorna-com-capacitacao-e-foco-no-futuro-dos-jovens","status":"publish","type":"post","link":"https:\/\/aconteceemmacaeeregiao.com.br\/index.php\/2025\/02\/04\/programa-nova-vida-retorna-com-capacitacao-e-foco-no-futuro-dos-jovens\/","title":{"rendered":"Programa Nova Vida retorna com capacita\u00e7\u00e3o e foco no futuro dos jovens"},"content":{"rendered":"\n<p>Ap\u00f3s o recesso, os 150 jovens do programa <a href=\"https:\/\/aconteceemmacaeeregiao.com.br\/index.php\/2023\/08\/28\/programa-nova-vida-convoca-40-adolescentes\/\" title=\"Programa \u2018Nova Vida\u2019 convoca 40 adolescentes\">Nova Vida<\/a> retomaram suas atividades nesta segunda-feira (3) com uma palestra reflexiva conduzida pelo psic\u00f3logo Elias Santana, na Cidade Universit\u00e1ria. O encontro teve como objetivo fortalecer a atua\u00e7\u00e3o dos participantes nos \u00f3rg\u00e3os municipais, incentivando a responsabilidade e o desenvolvimento profissional.<\/p>\n\n\n\n<p>O coordenador Douglas Fontes refor\u00e7ou a import\u00e2ncia da disciplina e do cumprimento das diretrizes internas do programa, destacando que reuni\u00f5es e capacita\u00e7\u00f5es ocorrer\u00e3o mensalmente. Para a jovem Ana Clara Felipe, a experi\u00eancia tem sido enriquecedora: \u201cAmpliei meus horizontes e estou aprendendo muito\u201d, comentou.<\/p>\n\n\n\n<p>Com o tema \u201cFalta tempo ou falta prioridade?\u201d, a palestra motivacional abordou a import\u00e2ncia do planejamento e da dedica\u00e7\u00e3o aos projetos pessoais. O programa, que atende jovens de 14 a 17 anos de fam\u00edlias de baixa renda, oferece acompanhamento multiprofissional e contribui para sua<a href=\"https:\/\/aconteceemmacaeeregiao.com.br\/index.php\/2025\/01\/14\/atriz-inez-viana-participa-de-formacao-para-profissionais-de-inclusao-em-macae\/\" title=\"Atriz Inez Viana participa de forma\u00e7\u00e3o para profissionais de inclus\u00e3o em Maca\u00e9\"> inclus\u00e3o<\/a> no mercado de trabalho.<\/p>\n\n\n\n<figure class=\"wp-block-gallery has-nested-images columns-default is-cropped wp-block-gallery-1 is-layout-flex wp-block-gallery-is-layout-flex\">\n<figure class=\"wp-block-image size-large\"><img fetchpriority=\"high\" decoding=\"async\" width=\"1024\" height=\"683\" data-id=\"19162\" src=\"https:\/\/aconteceemmacaeeregiao.com.br\/wp-content\/uploads\/2025\/02\/1738707892-1024x683.jpg\" alt=\"\" class=\"wp-image-19162\" srcset=\"https:\/\/aconteceemmacaeeregiao.com.br\/wp-content\/uploads\/2025\/02\/1738707892-1024x683.jpg 1024w, https:\/\/aconteceemmacaeeregiao.com.br\/wp-content\/uploads\/2025\/02\/1738707892-300x200.jpg 300w, https:\/\/aconteceemmacaeeregiao.com.br\/wp-content\/uploads\/2025\/02\/1738707892-768x512.jpg 768w, https:\/\/aconteceemmacaeeregiao.com.br\/wp-content\/uploads\/2025\/02\/1738707892-1200x800.jpg 1200w, https:\/\/aconteceemmacaeeregiao.com.br\/wp-content\/uploads\/2025\/02\/1738707892.jpg 1500w\" sizes=\"(max-width: 1024px) 100vw, 1024px\" \/><\/figure>\n\n\n\n<figure class=\"wp-block-image size-large\"><img decoding=\"async\" width=\"1024\" height=\"683\" data-id=\"19160\" data-src=\"https:\/\/aconteceemmacaeeregiao.com.br\/wp-content\/uploads\/2025\/02\/1738666601-1024x683.jpg\" alt=\"\" class=\"wp-image-19160 lazyload\" data-srcset=\"https:\/\/aconteceemmacaeeregiao.com.br\/wp-content\/uploads\/2025\/02\/1738666601-1024x683.jpg 1024w, https:\/\/aconteceemmacaeeregiao.com.br\/wp-content\/uploads\/2025\/02\/1738666601-300x200.jpg 300w, https:\/\/aconteceemmacaeeregiao.com.br\/wp-content\/uploads\/2025\/02\/1738666601-768x512.jpg 768w, https:\/\/aconteceemmacaeeregiao.com.br\/wp-content\/uploads\/2025\/02\/1738666601-1200x800.jpg 1200w, https:\/\/aconteceemmacaeeregiao.com.br\/wp-content\/uploads\/2025\/02\/1738666601.jpg 1500w\" data-sizes=\"(max-width: 1024px) 100vw, 1024px\" src=\"data:image\/svg+xml;base64,PHN2ZyB3aWR0aD0iMSIgaGVpZ2h0PSIxIiB4bWxucz0iaHR0cDovL3d3dy53My5vcmcvMjAwMC9zdmciPjwvc3ZnPg==\" style=\"--smush-placeholder-width: 1024px; --smush-placeholder-aspect-ratio: 1024\/683;\" \/><\/figure>\n<\/figure>\n\n\n\n<p><em><a href=\"https:\/\/www.macae.rj.gov.br\/noticias\/leitura\/noticia\/programa-nova-vida-inicia-atividades-com-capacitacao\" title=\"\">Fonte: Secom Pref. Maca\u00e9<\/a><\/em><\/p>\n","protected":false},"excerpt":{"rendered":"<p>Ap\u00f3s o recesso, os 150 jovens do programa Nova Vida retomaram suas atividades nesta segunda-feira (3) com uma palestra reflexiva conduzida pelo psic\u00f3logo Elias Santana, na Cidade Universit\u00e1ria. O encontro teve como objetivo fortalecer a atua\u00e7\u00e3o dos participantes nos \u00f3rg\u00e3os municipais, incentivando a responsabilidade e o desenvolvimento profissional. O coordenador Douglas Fontes refor\u00e7ou a import\u00e2ncia [&hellip;]<\/p>\n","protected":false},"author":2,"featured_media":19161,"comment_status":"closed","ping_status":"closed","sticky":false,"template":"","format":"standard","meta":{"postBodyCss":"","postBodyMargin":[],"postBodyPadding":[],"postBodyBackground":{"backgroundType":"classic","gradient":""},"footnotes":""},"categories":[61,73,42],"tags":[132,273,82,89,118],"class_list":["post-19159","post","type-post","status-publish","format-standard","has-post-thumbnail","hentry","category-educacao","category-emprego","category-macae","tag-cursos-gratuitos","tag-jovem","tag-oportunidade","tag-prefeitura","tag-social"],"aioseo_notices":[],"_links":{"self":[{"href":"https:\/\/aconteceemmacaeeregiao.com.br\/index.php\/wp-json\/wp\/v2\/posts\/19159","targetHints":{"allow":["GET"]}}],"collection":[{"href":"https:\/\/aconteceemmacaeeregiao.com.br\/index.php\/wp-json\/wp\/v2\/posts"}],"about":[{"href":"https:\/\/aconteceemmacaeeregiao.com.br\/index.php\/wp-json\/wp\/v2\/types\/post"}],"author":[{"embeddable":true,"href":"https:\/\/aconteceemmacaeeregiao.com.br\/index.php\/wp-json\/wp\/v2\/users\/2"}],"replies":[{"embeddable":true,"href":"https:\/\/aconteceemmacaeeregiao.com.br\/index.php\/wp-json\/wp\/v2\/comments?post=19159"}],"version-history":[{"count":0,"href":"https:\/\/aconteceemmacaeeregiao.com.br\/index.php\/wp-json\/wp\/v2\/posts\/19159\/revisions"}],"wp:featuredmedia":[{"embeddable":true,"href":"https:\/\/aconteceemmacaeeregiao.com.br\/index.php\/wp-json\/wp\/v2\/media\/19161"}],"wp:attachment":[{"href":"https:\/\/aconteceemmacaeeregiao.com.br\/index.php\/wp-json\/wp\/v2\/media?parent=19159"}],"wp:term":[{"taxonomy":"category","embeddable":true,"href":"https:\/\/aconteceemmacaeeregiao.com.br\/index.php\/wp-json\/wp\/v2\/categories?post=19159"},{"taxonomy":"post_tag","embeddable":true,"href":"https:\/\/aconteceemmacaeeregiao.com.br\/index.php\/wp-json\/wp\/v2\/tags?post=19159"}],"curies":[{"name":"wp","href":"https:\/\/api.w.org\/{rel}","templated":true}]}}