{"id":19331,"date":"2025-02-24T19:35:06","date_gmt":"2025-02-24T22:35:06","guid":{"rendered":"https:\/\/aconteceemmacaeeregiao.com.br\/?p=19331"},"modified":"2025-02-24T19:35:07","modified_gmt":"2025-02-24T22:35:07","slug":"central-do-trabalhador-divulga-411-vagas-de-emprego-em-macae","status":"publish","type":"post","link":"https:\/\/aconteceemmacaeeregiao.com.br\/index.php\/2025\/02\/24\/central-do-trabalhador-divulga-411-vagas-de-emprego-em-macae\/","title":{"rendered":"Central do Trabalhador divulga 411 vagas de emprego em Maca\u00e9"},"content":{"rendered":"\n<p>A Central do Trabalhador de <a href=\"https:\/\/aconteceemmacaeeregiao.com.br\/index.php\/2025\/02\/21\/fim-de-semana-esportivo-em-macae-corrida-e-futsal-movimentam-a-cidade\/\" title=\"Fim de semana esportivo em Maca\u00e9: corrida e futsal movimentam a cidade\">Maca\u00e9<\/a> anunciou 411 oportunidades de emprego nesta semana, abrangendo diversas \u00e1reas e n\u00edveis de escolaridade. Entre os destaques, h\u00e1 75 vagas para analista de suporte t\u00e9cnico, 21 para motorista de caminh\u00e3o e 15 para consultor de vendas. Tamb\u00e9m h\u00e1 chances para profissionais offshore, como ajudante de cozinha, cozinheiro mar\u00edtimo e taifeiro.<\/p>\n\n\n\n<p>Os interessados devem comparecer \u00e0 sede da Central do Trabalhador, no Edif\u00edcio Comercial Lotus, na Avenida Nossa Senhora da Gl\u00f3ria, 1181, Praia Campista, das 8h \u00e0s 17h. Quem n\u00e3o encontrar uma vaga compat\u00edvel pode realizar o cadastro online para futuras oportunidades.<\/p>\n\n\n\n<p>Acompanhe as atualiza\u00e7\u00f5es e n\u00e3o perca essa chance de ingressar no mercado de trabalho!<\/p>\n\n\n\n<p>A Secretaria tamb\u00e9m disponibiliza link espec\u00edfico onde \u00e9 poss\u00edvel preencher o cadastro de forma online.<\/p>\n\n\n\n<p><a href=\"https:\/\/sistemas.macae.rj.gov.br:84\/trabalhoerenda\/index\/mural\"><strong>Clique e confira a lista completa de vagas dispon\u00edveis<\/strong><\/a>.<\/p>\n\n\n\n<p>O \u00f3rg\u00e3o tamb\u00e9m disponibiliza link espec\u00edfico para o trabalhador preencher o&nbsp;<a href=\"https:\/\/sistemas.macae.rj.gov.br:84\/trabalhoerenda\/\"><strong>cadastro para vagas de emprego de forma online<\/strong><\/a>.<\/p>\n\n\n\n<p>O acesso ao empres\u00e1rio tamb\u00e9m \u00e9 disponibilizado para&nbsp;<a href=\"https:\/\/sistemas.macae.rj.gov.br:84\/trabalhoerenda\/\"><strong>cadastrar novas vagas de emprego<\/strong><\/a>.<\/p>\n\n\n\n<p><em><a href=\"https:\/\/www.macae.rj.gov.br\/noticias\/leitura\/noticia\/central-do-trabalhador-divulga-411-oportunidades-de-emprego-nesta-semana\" title=\"\">Fonte: Secom Pref. Maca\u00e9<\/a><\/em><\/p>\n\n\n\n<p><\/p>\n","protected":false},"excerpt":{"rendered":"<p>A Central do Trabalhador de Maca\u00e9 anunciou 411 oportunidades de emprego nesta semana, abrangendo diversas \u00e1reas e n\u00edveis de escolaridade. Entre os destaques, h\u00e1 75 vagas para analista de suporte t\u00e9cnico, 21 para motorista de caminh\u00e3o e 15 para consultor de vendas. Tamb\u00e9m h\u00e1 chances para profissionais offshore, como ajudante de cozinha, cozinheiro mar\u00edtimo e [&hellip;]<\/p>\n","protected":false},"author":2,"featured_media":17948,"comment_status":"closed","ping_status":"closed","sticky":false,"template":"","format":"standard","meta":{"postBodyCss":"","postBodyMargin":[],"postBodyPadding":[],"postBodyBackground":{"backgroundType":"classic","gradient":""},"footnotes":""},"categories":[73,42],"tags":[77,82,89,87],"class_list":["post-19331","post","type-post","status-publish","format-standard","has-post-thumbnail","hentry","category-emprego","category-macae","tag-emprego","tag-oportunidade","tag-prefeitura","tag-vagas"],"aioseo_notices":[],"_links":{"self":[{"href":"https:\/\/aconteceemmacaeeregiao.com.br\/index.php\/wp-json\/wp\/v2\/posts\/19331","targetHints":{"allow":["GET"]}}],"collection":[{"href":"https:\/\/aconteceemmacaeeregiao.com.br\/index.php\/wp-json\/wp\/v2\/posts"}],"about":[{"href":"https:\/\/aconteceemmacaeeregiao.com.br\/index.php\/wp-json\/wp\/v2\/types\/post"}],"author":[{"embeddable":true,"href":"https:\/\/aconteceemmacaeeregiao.com.br\/index.php\/wp-json\/wp\/v2\/users\/2"}],"replies":[{"embeddable":true,"href":"https:\/\/aconteceemmacaeeregiao.com.br\/index.php\/wp-json\/wp\/v2\/comments?post=19331"}],"version-history":[{"count":0,"href":"https:\/\/aconteceemmacaeeregiao.com.br\/index.php\/wp-json\/wp\/v2\/posts\/19331\/revisions"}],"wp:featuredmedia":[{"embeddable":true,"href":"https:\/\/aconteceemmacaeeregiao.com.br\/index.php\/wp-json\/wp\/v2\/media\/17948"}],"wp:attachment":[{"href":"https:\/\/aconteceemmacaeeregiao.com.br\/index.php\/wp-json\/wp\/v2\/media?parent=19331"}],"wp:term":[{"taxonomy":"category","embeddable":true,"href":"https:\/\/aconteceemmacaeeregiao.com.br\/index.php\/wp-json\/wp\/v2\/categories?post=19331"},{"taxonomy":"post_tag","embeddable":true,"href":"https:\/\/aconteceemmacaeeregiao.com.br\/index.php\/wp-json\/wp\/v2\/tags?post=19331"}],"curies":[{"name":"wp","href":"https:\/\/api.w.org\/{rel}","templated":true}]}}