{"id":19358,"date":"2025-02-26T21:04:15","date_gmt":"2025-02-27T00:04:15","guid":{"rendered":"https:\/\/aconteceemmacaeeregiao.com.br\/?p=19358"},"modified":"2025-02-26T21:04:15","modified_gmt":"2025-02-27T00:04:15","slug":"qualificacao-profissional-divulga-resultados-preliminares-para-cursos-gratuitos","status":"publish","type":"post","link":"https:\/\/aconteceemmacaeeregiao.com.br\/index.php\/2025\/02\/26\/qualificacao-profissional-divulga-resultados-preliminares-para-cursos-gratuitos\/","title":{"rendered":"Qualifica\u00e7\u00e3o Profissional divulga resultados preliminares para cursos gratuitos"},"content":{"rendered":"\n<p>A Secretaria Adjunta de Qualifica\u00e7\u00e3o Profissional de <a href=\"https:\/\/aconteceemmacaeeregiao.com.br\/index.php\/2025\/02\/26\/macae-amplia-tecnologia-e-conectividade-para-uma-cidade-mais-inteligente\/\" title=\"Maca\u00e9 amplia tecnologia e conectividade para uma cidade mais inteligente\">Maca\u00e9 <\/a>divulgou, nesta quarta-feira (26), os <strong>resultados preliminares<\/strong> dos editais <strong>02\/2025 e 03\/2025<\/strong>, que oferecem <strong>660 vagas em 18 cursos<\/strong> gratuitos. Os candidatos que desejarem interpor recursos podem comparecer \u00e0 sede da secretaria nesta <strong>quinta-feira (27), das 9h \u00e0s 16h<\/strong>.<\/p>\n\n\n\n<p>O resultado final e a primeira convoca\u00e7\u00e3o para matr\u00edculas ser\u00e3o divulgados em <strong>1\u00ba de mar\u00e7o<\/strong>, enquanto a <strong>segunda chamada est\u00e1 prevista para o dia 8 de mar\u00e7o<\/strong>. As aulas come\u00e7am no dia <strong>10 de mar\u00e7o<\/strong>.<\/p>\n\n\n\n<h3 class=\"wp-block-heading\">Parceria com Firjan\/Senai oferece capacita\u00e7\u00e3o t\u00e9cnica<\/h3>\n\n\n\n<p>O <strong><a href=\"https:\/\/macae.rj.gov.br\/midia\/conteudo\/arquivos\/1739594067.pdf\" title=\"\">edital 02<\/a><\/strong> faz parte de um Acordo de Coopera\u00e7\u00e3o T\u00e9cnica com a <strong>Firjan\/Senai<\/strong>, oferecendo <strong>cinco cursos t\u00e9cnicos<\/strong> com <strong>125 vagas exclusivas para moradores de Maca\u00e9<\/strong>. Os cursos dispon\u00edveis s\u00e3o:<\/p>\n\n\n\n<p>\u2714 <strong>Pintor Industrial Rolo e Trincha<\/strong><br>\u2714 <strong>Mec\u00e2nico de Manuten\u00e7\u00e3o de Equipamento Hidropneum\u00e1tico<\/strong><br>\u2714 <strong>Soldador de A\u00e7o Carbono Mag 6g<\/strong><br>\u2714 <strong>Caldeireiro Montador<\/strong><br>\u2714 <strong>Assistente de Controle de Qualidade<\/strong><\/p>\n\n\n\n<p>Os candidatos precisam comprovar <strong>renda per capita de at\u00e9 1,5 sal\u00e1rio m\u00ednimo<\/strong>, ter <strong>Ensino Fundamental completo<\/strong> e idade m\u00ednima de <strong>18 anos na data da matr\u00edcula<\/strong>.<\/p>\n\n\n\n<h3 class=\"wp-block-heading\">13 cursos gratuitos para diversas \u00e1reas<\/h3>\n\n\n\n<p>J\u00e1 o <strong><a href=\"https:\/\/macae.rj.gov.br\/midia\/conteudo\/arquivos\/1739563552.pdf\" title=\"\">edital 03<\/a><\/strong> disponibiliza <strong>535 vagas<\/strong> em <strong>13 cursos<\/strong> promovidos pela pr\u00f3pria Secretaria de Qualifica\u00e7\u00e3o Profissional, voltados para diferentes setores do mercado:<\/p>\n\n\n\n<p>\ud83d\udccc <strong>Auxiliar Administrativo<\/strong><br>\ud83d\udccc <strong>Recepcionista<\/strong><br>\ud83d\udccc <strong>Capacita\u00e7\u00e3o de Jovens para o Mundo do Trabalho<\/strong><br>\ud83d\udccc <strong>Ingl\u00eas B\u00e1sico<\/strong><br>\ud83d\udccc <strong>Inform\u00e1tica B\u00e1sica<\/strong><br>\ud83d\udccc <strong>Organizador de Eventos<\/strong><br>\ud83d\udccc <strong>Cuidador Infantil<\/strong><br>\ud83d\udccc <strong>Recepcionista Hospitalar<\/strong><br>\ud83d\udccc <strong>Auxiliar de Farm\u00e1cia<\/strong><br>\ud83d\udccc <strong>Maqueiro<\/strong><br>\ud83d\udccc <strong>Saloneiro<\/strong><br>\ud83d\udccc <strong>Taifeiro<\/strong><br>\ud83d\udccc <strong>Eletricista Predial Baixa Tens\u00e3o<\/strong><\/p>\n\n\n\n<p>A iniciativa tem como objetivo <strong>capacitar e aprimorar a m\u00e3o de obra local<\/strong>, aumentando as oportunidades de emprego e crescimento profissional dos participantes.<\/p>\n\n\n\n<p>Para mais informa\u00e7\u00f5es, os candidatos devem acessar o <strong>portal da Prefeitura de Maca\u00e9<\/strong>.<\/p>\n\n\n\n<p>Os candidatos devem acompanhar as publica\u00e7\u00f5es oficiais na&nbsp;<a href=\"https:\/\/macae.rj.gov.br\/cetep\/conteudo\/titulo\/editais-cursos-de-qualificacao-profissional\">P\u00e1gina da Secretaria de Qualifica\u00e7\u00e3o Profissional<\/a>&nbsp;no site da&nbsp;<a href=\"https:\/\/macae.rj.gov.br\/\">Prefeitura Municipal de Maca\u00e9<\/a>.<\/p>\n\n\n\n<p>A sede da Secretaria Adjunta de Qualifica\u00e7\u00e3o Profissional \u00e9 localizada na&nbsp;<a href=\"https:\/\/maps.app.goo.gl\/B4EDMFPLBgHUrc8B6\">Rua Alfredo Backer, 363<\/a>.<\/p>\n\n\n\n<p><em><a href=\"https:\/\/www.macae.rj.gov.br\/noticias\/leitura\/noticia\/qualificacao-profissional-divulga-resultados-preliminares-para-cursos\" title=\"\">Fonte: Secom Pref. Maca\u00e9<\/a><\/em><\/p>\n","protected":false},"excerpt":{"rendered":"<p>A Secretaria Adjunta de Qualifica\u00e7\u00e3o Profissional de Maca\u00e9 divulgou, nesta quarta-feira (26), os resultados preliminares dos editais 02\/2025 e 03\/2025, que oferecem 660 vagas em 18 cursos gratuitos. Os candidatos que desejarem interpor recursos podem comparecer \u00e0 sede da secretaria nesta quinta-feira (27), das 9h \u00e0s 16h. O resultado final e a primeira convoca\u00e7\u00e3o para [&hellip;]<\/p>\n","protected":false},"author":2,"featured_media":13780,"comment_status":"closed","ping_status":"closed","sticky":false,"template":"","format":"standard","meta":{"postBodyCss":"","postBodyMargin":[],"postBodyPadding":[],"postBodyBackground":{"backgroundType":"classic","gradient":""},"footnotes":""},"categories":[61,73,42],"tags":[132,82,89,571],"class_list":["post-19358","post","type-post","status-publish","format-standard","has-post-thumbnail","hentry","category-educacao","category-emprego","category-macae","tag-cursos-gratuitos","tag-oportunidade","tag-prefeitura","tag-qualificacao"],"aioseo_notices":[],"_links":{"self":[{"href":"https:\/\/aconteceemmacaeeregiao.com.br\/index.php\/wp-json\/wp\/v2\/posts\/19358","targetHints":{"allow":["GET"]}}],"collection":[{"href":"https:\/\/aconteceemmacaeeregiao.com.br\/index.php\/wp-json\/wp\/v2\/posts"}],"about":[{"href":"https:\/\/aconteceemmacaeeregiao.com.br\/index.php\/wp-json\/wp\/v2\/types\/post"}],"author":[{"embeddable":true,"href":"https:\/\/aconteceemmacaeeregiao.com.br\/index.php\/wp-json\/wp\/v2\/users\/2"}],"replies":[{"embeddable":true,"href":"https:\/\/aconteceemmacaeeregiao.com.br\/index.php\/wp-json\/wp\/v2\/comments?post=19358"}],"version-history":[{"count":0,"href":"https:\/\/aconteceemmacaeeregiao.com.br\/index.php\/wp-json\/wp\/v2\/posts\/19358\/revisions"}],"wp:featuredmedia":[{"embeddable":true,"href":"https:\/\/aconteceemmacaeeregiao.com.br\/index.php\/wp-json\/wp\/v2\/media\/13780"}],"wp:attachment":[{"href":"https:\/\/aconteceemmacaeeregiao.com.br\/index.php\/wp-json\/wp\/v2\/media?parent=19358"}],"wp:term":[{"taxonomy":"category","embeddable":true,"href":"https:\/\/aconteceemmacaeeregiao.com.br\/index.php\/wp-json\/wp\/v2\/categories?post=19358"},{"taxonomy":"post_tag","embeddable":true,"href":"https:\/\/aconteceemmacaeeregiao.com.br\/index.php\/wp-json\/wp\/v2\/tags?post=19358"}],"curies":[{"name":"wp","href":"https:\/\/api.w.org\/{rel}","templated":true}]}}