{"id":19407,"date":"2025-03-05T22:13:05","date_gmt":"2025-03-06T01:13:05","guid":{"rendered":"https:\/\/aconteceemmacaeeregiao.com.br\/?p=19407"},"modified":"2025-03-05T22:14:52","modified_gmt":"2025-03-06T01:14:52","slug":"ambulante-e-morto-a-tiros-apos-discussao-com-cliente-na-praia-do-forte","status":"publish","type":"post","link":"https:\/\/aconteceemmacaeeregiao.com.br\/index.php\/2025\/03\/05\/ambulante-e-morto-a-tiros-apos-discussao-com-cliente-na-praia-do-forte\/","title":{"rendered":"Ambulante \u00e9 morto a tiros ap\u00f3s discuss\u00e3o com cliente na Praia do Forte"},"content":{"rendered":"\n<p>A Prefeitura de Cabo Frio lamentou, em nota oficial, a morte do ambulante <strong>El\u00edsio Albino dos Santos<\/strong>, ocorrida na noite de ter\u00e7a-feira (4), durante o Carnaval na <strong><a href=\"https:\/\/aconteceemmacaeeregiao.com.br\/index.php\/2025\/02\/28\/prefeitura-de-cabo-frio-divulga-programacao-oficial-do-carnaval-2025\/\" title=\"Prefeitura de Cabo Frio divulga programa\u00e7\u00e3o oficial do Carnaval 2025\">Praia do Forte<\/a><\/strong>. O crime aconteceu em meio \u00e0 multid\u00e3o e teria sido motivado por uma discuss\u00e3o sobre o pre\u00e7o dos produtos vendidos.<\/p>\n\n\n\n<p>De acordo com a Pol\u00edcia Civil, ap\u00f3s o desentendimento, um dos suspeitos deixou o local e retornou armado, disparando contra El\u00edsio, que n\u00e3o resistiu ao ferimento. Um dos envolvidos foi preso em flagrante, e as autoridades seguem na busca pelo autor do tiro.<\/p>\n\n\n\n<p>A Prefeitura refor\u00e7ou que a r\u00e1pida atua\u00e7\u00e3o das for\u00e7as de seguran\u00e7a foi essencial para a identifica\u00e7\u00e3o dos suspeitos e destacou seu compromisso em acompanhar as investiga\u00e7\u00f5es. \u201cSeguimos empenhados para que os respons\u00e1veis sejam punidos\u201d, declarou em nota.<\/p>\n\n\n\n<p><em><a href=\"https:\/\/g1.globo.com\/rj\/regiao-dos-lagos\/noticia\/2025\/03\/05\/ambulante-e-morto-apos-discussao-com-cliente-durante-bloco-de-carnaval-em-cabo-frio.ghtml\" title=\"\">Fonte: Portal G1<\/a><\/em><\/p>\n","protected":false},"excerpt":{"rendered":"<p>A Prefeitura de Cabo Frio lamentou, em nota oficial, a morte do ambulante El\u00edsio Albino dos Santos, ocorrida na noite de ter\u00e7a-feira (4), durante o Carnaval na Praia do Forte. O crime aconteceu em meio \u00e0 multid\u00e3o e teria sido motivado por uma discuss\u00e3o sobre o pre\u00e7o dos produtos vendidos. De acordo com a Pol\u00edcia [&hellip;]<\/p>\n","protected":false},"author":2,"featured_media":19408,"comment_status":"closed","ping_status":"closed","sticky":false,"template":"","format":"standard","meta":{"postBodyCss":"","postBodyMargin":[],"postBodyPadding":[],"postBodyBackground":{"backgroundType":"classic","gradient":""},"footnotes":""},"categories":[155,47,43,1],"tags":[],"class_list":["post-19407","post","type-post","status-publish","format-standard","has-post-thumbnail","hentry","category-cabo-frio","category-ocorrencias","category-regiao","category-sem-categoria"],"aioseo_notices":[],"_links":{"self":[{"href":"https:\/\/aconteceemmacaeeregiao.com.br\/index.php\/wp-json\/wp\/v2\/posts\/19407","targetHints":{"allow":["GET"]}}],"collection":[{"href":"https:\/\/aconteceemmacaeeregiao.com.br\/index.php\/wp-json\/wp\/v2\/posts"}],"about":[{"href":"https:\/\/aconteceemmacaeeregiao.com.br\/index.php\/wp-json\/wp\/v2\/types\/post"}],"author":[{"embeddable":true,"href":"https:\/\/aconteceemmacaeeregiao.com.br\/index.php\/wp-json\/wp\/v2\/users\/2"}],"replies":[{"embeddable":true,"href":"https:\/\/aconteceemmacaeeregiao.com.br\/index.php\/wp-json\/wp\/v2\/comments?post=19407"}],"version-history":[{"count":0,"href":"https:\/\/aconteceemmacaeeregiao.com.br\/index.php\/wp-json\/wp\/v2\/posts\/19407\/revisions"}],"wp:featuredmedia":[{"embeddable":true,"href":"https:\/\/aconteceemmacaeeregiao.com.br\/index.php\/wp-json\/wp\/v2\/media\/19408"}],"wp:attachment":[{"href":"https:\/\/aconteceemmacaeeregiao.com.br\/index.php\/wp-json\/wp\/v2\/media?parent=19407"}],"wp:term":[{"taxonomy":"category","embeddable":true,"href":"https:\/\/aconteceemmacaeeregiao.com.br\/index.php\/wp-json\/wp\/v2\/categories?post=19407"},{"taxonomy":"post_tag","embeddable":true,"href":"https:\/\/aconteceemmacaeeregiao.com.br\/index.php\/wp-json\/wp\/v2\/tags?post=19407"}],"curies":[{"name":"wp","href":"https:\/\/api.w.org\/{rel}","templated":true}]}}