{"id":19436,"date":"2025-03-10T22:40:34","date_gmt":"2025-03-11T01:40:34","guid":{"rendered":"https:\/\/aconteceemmacaeeregiao.com.br\/?p=19436"},"modified":"2025-03-10T22:40:34","modified_gmt":"2025-03-11T01:40:34","slug":"firjan-senai-campos-e-macae-oferecem-mais-de-200-vagas-em-cursos-gratuitos","status":"publish","type":"post","link":"https:\/\/aconteceemmacaeeregiao.com.br\/index.php\/2025\/03\/10\/firjan-senai-campos-e-macae-oferecem-mais-de-200-vagas-em-cursos-gratuitos\/","title":{"rendered":"Firjan SENAI Campos e Maca\u00e9 oferecem mais de 200 vagas em cursos gratuitos"},"content":{"rendered":"\n<p>As unidades da Firjan SENAI em Campos e <a href=\"https:\/\/aconteceemmacaeeregiao.com.br\/index.php\/category\/macae\/\" title=\"Maca\u00e9\">Maca\u00e9<\/a> est\u00e3o com inscri\u00e7\u00f5es abertas para 225 vagas gratuitas em cursos de qualifica\u00e7\u00e3o profissional, com in\u00edcio em mar\u00e7o e abril. As aulas ser\u00e3o presenciais e distribu\u00eddas nos turnos da manh\u00e3, tarde e noite.<\/p>\n\n\n\n<p>Em Campos, h\u00e1 vagas para Eletricista Predial e Pizzaiolo. J\u00e1 em Maca\u00e9, os<a href=\"https:\/\/aconteceemmacaeeregiao.com.br\/index.php\/tag\/concursos\/\" title=\"Concursos\"> cursos<\/a> dispon\u00edveis s\u00e3o Pintor de Edifica\u00e7\u00f5es, Instalador de Sistemas Drywall e Pedreiro de Alvenaria de Veda\u00e7\u00e3o. As inscri\u00e7\u00f5es devem ser feitas presencialmente nas unidades e encerram assim que as vagas forem preenchidas.<\/p>\n\n\n\n<p>Os candidatos precisam atender aos pr\u00e9-requisitos de idade, escolaridade e renda familiar de at\u00e9 1,5 sal\u00e1rio-m\u00ednimo. Mais informa\u00e7\u00f5es podem ser acessadas no edital: <a href=\"https:\/\/firjansenai.com.br\/editais-gratuitos\">firjansenai.com.br\/editais-gratuitos<\/a>.<\/p>\n\n\n\n<p><a href=\"https:\/\/www.ururau.com.br\/noticias\/cidades\/firjan-senai-campos-e-macae-tem-tem-mais-de-200-vagas-em-cursos-gratuitos-de-qualificacao\/73772\/\" title=\"Fonte: Portal Urural\"><em>Fonte: Portal Urural<\/em><\/a><\/p>\n","protected":false},"excerpt":{"rendered":"<p>As unidades da Firjan SENAI em Campos e Maca\u00e9 est\u00e3o com inscri\u00e7\u00f5es abertas para 225 vagas gratuitas em cursos de qualifica\u00e7\u00e3o profissional, com in\u00edcio em mar\u00e7o e abril. As aulas ser\u00e3o presenciais e distribu\u00eddas nos turnos da manh\u00e3, tarde e noite. Em Campos, h\u00e1 vagas para Eletricista Predial e Pizzaiolo. J\u00e1 em Maca\u00e9, os cursos [&hellip;]<\/p>\n","protected":false},"author":2,"featured_media":19437,"comment_status":"closed","ping_status":"closed","sticky":false,"template":"","format":"standard","meta":{"postBodyCss":"","postBodyMargin":[],"postBodyPadding":[],"postBodyBackground":{"backgroundType":"classic","gradient":""},"footnotes":""},"categories":[93,73,42],"tags":[132,77,75,82,197,87],"class_list":["post-19436","post","type-post","status-publish","format-standard","has-post-thumbnail","hentry","category-campos-dos-goytacases","category-emprego","category-macae","tag-cursos-gratuitos","tag-emprego","tag-firjan","tag-oportunidade","tag-senai","tag-vagas"],"aioseo_notices":[],"_links":{"self":[{"href":"https:\/\/aconteceemmacaeeregiao.com.br\/index.php\/wp-json\/wp\/v2\/posts\/19436","targetHints":{"allow":["GET"]}}],"collection":[{"href":"https:\/\/aconteceemmacaeeregiao.com.br\/index.php\/wp-json\/wp\/v2\/posts"}],"about":[{"href":"https:\/\/aconteceemmacaeeregiao.com.br\/index.php\/wp-json\/wp\/v2\/types\/post"}],"author":[{"embeddable":true,"href":"https:\/\/aconteceemmacaeeregiao.com.br\/index.php\/wp-json\/wp\/v2\/users\/2"}],"replies":[{"embeddable":true,"href":"https:\/\/aconteceemmacaeeregiao.com.br\/index.php\/wp-json\/wp\/v2\/comments?post=19436"}],"version-history":[{"count":0,"href":"https:\/\/aconteceemmacaeeregiao.com.br\/index.php\/wp-json\/wp\/v2\/posts\/19436\/revisions"}],"wp:featuredmedia":[{"embeddable":true,"href":"https:\/\/aconteceemmacaeeregiao.com.br\/index.php\/wp-json\/wp\/v2\/media\/19437"}],"wp:attachment":[{"href":"https:\/\/aconteceemmacaeeregiao.com.br\/index.php\/wp-json\/wp\/v2\/media?parent=19436"}],"wp:term":[{"taxonomy":"category","embeddable":true,"href":"https:\/\/aconteceemmacaeeregiao.com.br\/index.php\/wp-json\/wp\/v2\/categories?post=19436"},{"taxonomy":"post_tag","embeddable":true,"href":"https:\/\/aconteceemmacaeeregiao.com.br\/index.php\/wp-json\/wp\/v2\/tags?post=19436"}],"curies":[{"name":"wp","href":"https:\/\/api.w.org\/{rel}","templated":true}]}}