{"id":19524,"date":"2025-03-14T22:11:00","date_gmt":"2025-03-15T01:11:00","guid":{"rendered":"https:\/\/aconteceemmacaeeregiao.com.br\/?p=19524"},"modified":"2025-03-14T22:11:01","modified_gmt":"2025-03-15T01:11:01","slug":"cabo-frio-parque-municipal-dormitorio-das-garcas-sera-reaberto-com-ponto-de-observacao-de-aves","status":"publish","type":"post","link":"https:\/\/aconteceemmacaeeregiao.com.br\/index.php\/2025\/03\/14\/cabo-frio-parque-municipal-dormitorio-das-garcas-sera-reaberto-com-ponto-de-observacao-de-aves\/","title":{"rendered":"Cabo Frio: Parque Municipal Dormit\u00f3rio das Gar\u00e7as ser\u00e1 reaberto com ponto de observa\u00e7\u00e3o de aves"},"content":{"rendered":"\n<p>Na pr\u00f3xima segunda-feira (17), \u00e0s 9h, <a href=\"https:\/\/aconteceemmacaeeregiao.com.br\/index.php\/category\/regiao\/cabo-frio\/\" title=\"Cabo Frio\">Cabo Frio<\/a> reinaugura o Parque Municipal Dormit\u00f3rio das Gar\u00e7as, trazendo uma grande novidade: um ponto de observa\u00e7\u00e3o de aves com 10 metros de altura. A nova estrutura tem o objetivo de fortalecer a educa\u00e7\u00e3o ambiental e o turismo ecol\u00f3gico, permitindo que visitantes contemplem a rica biodiversidade da regi\u00e3o.<\/p>\n\n\n\n<h3 class=\"wp-block-heading\">O que h\u00e1 de novo no parque?<\/h3>\n\n\n\n<p>Com a revitaliza\u00e7\u00e3o conclu\u00edda, o espa\u00e7o volta a receber visitantes e a sediar projetos educativos voltados \u00e0 <a href=\"https:\/\/aconteceemmacaeeregiao.com.br\/index.php\/2024\/01\/08\/mutirao-de-limpeza-da-amanrasa-em-buzios-reforca-compromisso-ambiental\/\" title=\"Mutir\u00e3o de Limpeza da AMANRASA em B\u00fazios refor\u00e7a compromisso ambiental\">preserva\u00e7\u00e3o ambiental<\/a>. A iniciativa busca conscientizar moradores e turistas sobre a import\u00e2ncia dos ecossistemas locais e incentivar a pr\u00e1tica da observa\u00e7\u00e3o de aves, atividade que tem atra\u00eddo cada vez mais entusiastas da natureza.<\/p>\n\n\n\n<h3 class=\"wp-block-heading\">Reinaugura\u00e7\u00e3o aberta ao p\u00fablico<\/h3>\n\n\n\n<p>O evento contar\u00e1 com a presen\u00e7a de autoridades municipais, representantes da sociedade civil e moradores da regi\u00e3o. Ser\u00e1 uma oportunidade para conhecer de perto as melhorias implementadas e entender mais sobre a import\u00e2ncia da preserva\u00e7\u00e3o ambiental para Cabo Frio.<\/p>\n\n\n<div class=\"wp-block-image\">\n<figure class=\"aligncenter size-large\"><img fetchpriority=\"high\" decoding=\"async\" width=\"682\" height=\"1024\" src=\"https:\/\/aconteceemmacaeeregiao.com.br\/wp-content\/uploads\/2025\/03\/WhatsApp-Image-2025-03-14-at-21.10.27-1-682x1024.jpeg\" alt=\"\" class=\"wp-image-19526\" srcset=\"https:\/\/aconteceemmacaeeregiao.com.br\/wp-content\/uploads\/2025\/03\/WhatsApp-Image-2025-03-14-at-21.10.27-1-682x1024.jpeg 682w, https:\/\/aconteceemmacaeeregiao.com.br\/wp-content\/uploads\/2025\/03\/WhatsApp-Image-2025-03-14-at-21.10.27-1-200x300.jpeg 200w, https:\/\/aconteceemmacaeeregiao.com.br\/wp-content\/uploads\/2025\/03\/WhatsApp-Image-2025-03-14-at-21.10.27-1-768x1153.jpeg 768w, https:\/\/aconteceemmacaeeregiao.com.br\/wp-content\/uploads\/2025\/03\/WhatsApp-Image-2025-03-14-at-21.10.27-1-1023x1536.jpeg 1023w, https:\/\/aconteceemmacaeeregiao.com.br\/wp-content\/uploads\/2025\/03\/WhatsApp-Image-2025-03-14-at-21.10.27-1-600x900.jpeg 600w, https:\/\/aconteceemmacaeeregiao.com.br\/wp-content\/uploads\/2025\/03\/WhatsApp-Image-2025-03-14-at-21.10.27-1.jpeg 1066w\" sizes=\"(max-width: 682px) 100vw, 682px\" \/><\/figure>\n<\/div>\n\n\n<p>A recomenda\u00e7\u00e3o para os visitantes \u00e9 levar bin\u00f3culos e c\u00e2meras para registrar as aves e a paisagem.<\/p>\n\n\n\n<p><strong>Local:<\/strong> Parque Municipal Dormit\u00f3rio das Gar\u00e7as<br><strong>Data:<\/strong> Segunda-feira, 17 de junho<br><strong>Hor\u00e1rio:<\/strong> 9h<\/p>\n\n\n\n<p>Servi\u00e7o:<\/p>\n\n\n\n<p>Reabertura do Parque Municipal Dormit\u00f3rio das Gar\u00e7as<\/p>\n\n\n\n<p>Data: Segunda (17), \u00e0s 9h<\/p>\n\n\n\n<p>Endere\u00e7o: Avenida Wilson Mendes, Porto do Carro<\/p>\n\n\n\n<p>Acompanhe mais novidades sobre meio ambiente e turismo ecol\u00f3gico no nosso portal.<\/p>\n\n\n\n<p><em><a href=\"https:\/\/noticias.cabofrio.rj.gov.br\/\" title=\"\">Fonte: Secom Pref de Cabo Frio<\/a><\/em><\/p>\n","protected":false},"excerpt":{"rendered":"<p>Na pr\u00f3xima segunda-feira (17), \u00e0s 9h, Cabo Frio reinaugura o Parque Municipal Dormit\u00f3rio das Gar\u00e7as, trazendo uma grande novidade: um ponto de observa\u00e7\u00e3o de aves com 10 metros de altura. A nova estrutura tem o objetivo de fortalecer a educa\u00e7\u00e3o ambiental e o turismo ecol\u00f3gico, permitindo que visitantes contemplem a rica biodiversidade da regi\u00e3o. O [&hellip;]<\/p>\n","protected":false},"author":2,"featured_media":19525,"comment_status":"closed","ping_status":"closed","sticky":false,"template":"","format":"standard","meta":{"postBodyCss":"","postBodyMargin":[],"postBodyPadding":[],"postBodyBackground":{"backgroundType":"classic","gradient":""},"footnotes":""},"categories":[155,46,61,67],"tags":[],"class_list":["post-19524","post","type-post","status-publish","format-standard","has-post-thumbnail","hentry","category-cabo-frio","category-diversao","category-educacao","category-meio-ambiente"],"aioseo_notices":[],"_links":{"self":[{"href":"https:\/\/aconteceemmacaeeregiao.com.br\/index.php\/wp-json\/wp\/v2\/posts\/19524","targetHints":{"allow":["GET"]}}],"collection":[{"href":"https:\/\/aconteceemmacaeeregiao.com.br\/index.php\/wp-json\/wp\/v2\/posts"}],"about":[{"href":"https:\/\/aconteceemmacaeeregiao.com.br\/index.php\/wp-json\/wp\/v2\/types\/post"}],"author":[{"embeddable":true,"href":"https:\/\/aconteceemmacaeeregiao.com.br\/index.php\/wp-json\/wp\/v2\/users\/2"}],"replies":[{"embeddable":true,"href":"https:\/\/aconteceemmacaeeregiao.com.br\/index.php\/wp-json\/wp\/v2\/comments?post=19524"}],"version-history":[{"count":0,"href":"https:\/\/aconteceemmacaeeregiao.com.br\/index.php\/wp-json\/wp\/v2\/posts\/19524\/revisions"}],"wp:featuredmedia":[{"embeddable":true,"href":"https:\/\/aconteceemmacaeeregiao.com.br\/index.php\/wp-json\/wp\/v2\/media\/19525"}],"wp:attachment":[{"href":"https:\/\/aconteceemmacaeeregiao.com.br\/index.php\/wp-json\/wp\/v2\/media?parent=19524"}],"wp:term":[{"taxonomy":"category","embeddable":true,"href":"https:\/\/aconteceemmacaeeregiao.com.br\/index.php\/wp-json\/wp\/v2\/categories?post=19524"},{"taxonomy":"post_tag","embeddable":true,"href":"https:\/\/aconteceemmacaeeregiao.com.br\/index.php\/wp-json\/wp\/v2\/tags?post=19524"}],"curies":[{"name":"wp","href":"https:\/\/api.w.org\/{rel}","templated":true}]}}