{"id":19531,"date":"2025-03-17T21:41:30","date_gmt":"2025-03-18T00:41:30","guid":{"rendered":"https:\/\/aconteceemmacaeeregiao.com.br\/?p=19531"},"modified":"2025-03-17T21:41:31","modified_gmt":"2025-03-18T00:41:31","slug":"atleta-macaense-conquista-vaga-para-mundial-e-panamericano-de-canoa-polinesia","status":"publish","type":"post","link":"https:\/\/aconteceemmacaeeregiao.com.br\/index.php\/2025\/03\/17\/atleta-macaense-conquista-vaga-para-mundial-e-panamericano-de-canoa-polinesia\/","title":{"rendered":"Atleta macaense conquista vaga para Mundial e Panamericano de Canoa Polin\u00e9sia"},"content":{"rendered":"\n<p>O atleta macaense Jos\u00e9 Ricardo da Silva Onofre garantiu sua classifica\u00e7\u00e3o para o Mundial e o Panamericano de Va\u2019a 2025, ap\u00f3s excelentes resultados no Campeonato Brasileiro de <a href=\"https:\/\/aconteceemmacaeeregiao.com.br\/index.php\/2023\/07\/12\/macaenses-conquistam-vice-campeonato-no-brasileiro-de-canoa-havaiana\/\" title=\"Macaenses conquistam vice campeonato no Brasileiro de Canoa Havaiana\">Canoa Polin\u00e9sia<\/a>, em Ilhabela (SP). Ricardinho, como \u00e9 conhecido, conquistou o 1\u00ba lugar na equipe Mista Jr.19 Multiclubes e a 2\u00aa coloca\u00e7\u00e3o na equipe masculina Jr.19 Multiclubes.<\/p>\n\n\n\n<p>Agora, ele se prepara para disputar o Campeonato Brasileiro de Longa Dist\u00e2ncia, entre 28 e 30 de mar\u00e7o, em Salvador (BA), que servir\u00e1 como classificat\u00f3ria para as competi\u00e7\u00f5es internacionais. Contemplado pelo programa Bolsa Atleta da Prefeitura de <a href=\"https:\/\/aconteceemmacaeeregiao.com.br\/index.php\/category\/macae\/\" title=\"Maca\u00e9\">Maca\u00e9<\/a>, Ricardinho destaca o apoio financeiro como essencial para sua evolu\u00e7\u00e3o no esporte.<\/p>\n\n\n\n<p>Com o sonho de se tornar campe\u00e3o mundial, ele segue treinando sob a orienta\u00e7\u00e3o de Ana Moraes, do Clube Loko Va\u2019a. Al\u00e9m dos desafios internacionais, Ricardinho disputar\u00e1 competi\u00e7\u00f5es nacionais importantes ao longo do ano, incluindo o Aloha Spirit Saquarema e o Estadual de Va\u2019a RJ.<\/p>\n\n\n\n<p>\ud83d\udd39 <strong>Pr\u00f3ximos desafios:<\/strong> Panamericano de Va\u2019a 2025 (Chile) e Mundial de Va\u2019a 2025 (Niter\u00f3i).<\/p>\n\n\n\n<p><em><a href=\"https:\/\/www.macae.rj.gov.br\/noticias\/leitura\/noticia\/atleta-macaense-vai-representar-o-brasil-no-mundial-e-panamericano-de-canoa-polinesia-de-longa-distancia\" title=\"\">Fonte: Secom Pref. Maca\u00e9<\/a><\/em><\/p>\n\n\n\n<p><\/p>\n","protected":false},"excerpt":{"rendered":"<p>O atleta macaense Jos\u00e9 Ricardo da Silva Onofre garantiu sua classifica\u00e7\u00e3o para o Mundial e o Panamericano de Va\u2019a 2025, ap\u00f3s excelentes resultados no Campeonato Brasileiro de Canoa Polin\u00e9sia, em Ilhabela (SP). Ricardinho, como \u00e9 conhecido, conquistou o 1\u00ba lugar na equipe Mista Jr.19 Multiclubes e a 2\u00aa coloca\u00e7\u00e3o na equipe masculina Jr.19 Multiclubes. Agora, [&hellip;]<\/p>\n","protected":false},"author":2,"featured_media":19532,"comment_status":"closed","ping_status":"closed","sticky":false,"template":"","format":"standard","meta":{"postBodyCss":"","postBodyMargin":[],"postBodyPadding":[],"postBodyBackground":{"backgroundType":"classic","gradient":""},"footnotes":""},"categories":[6,42],"tags":[746,239,89],"class_list":["post-19531","post","type-post","status-publish","format-standard","has-post-thumbnail","hentry","category-esporte","category-macae","tag-campeonato","tag-canoagem","tag-prefeitura"],"aioseo_notices":[],"_links":{"self":[{"href":"https:\/\/aconteceemmacaeeregiao.com.br\/index.php\/wp-json\/wp\/v2\/posts\/19531","targetHints":{"allow":["GET"]}}],"collection":[{"href":"https:\/\/aconteceemmacaeeregiao.com.br\/index.php\/wp-json\/wp\/v2\/posts"}],"about":[{"href":"https:\/\/aconteceemmacaeeregiao.com.br\/index.php\/wp-json\/wp\/v2\/types\/post"}],"author":[{"embeddable":true,"href":"https:\/\/aconteceemmacaeeregiao.com.br\/index.php\/wp-json\/wp\/v2\/users\/2"}],"replies":[{"embeddable":true,"href":"https:\/\/aconteceemmacaeeregiao.com.br\/index.php\/wp-json\/wp\/v2\/comments?post=19531"}],"version-history":[{"count":0,"href":"https:\/\/aconteceemmacaeeregiao.com.br\/index.php\/wp-json\/wp\/v2\/posts\/19531\/revisions"}],"wp:featuredmedia":[{"embeddable":true,"href":"https:\/\/aconteceemmacaeeregiao.com.br\/index.php\/wp-json\/wp\/v2\/media\/19532"}],"wp:attachment":[{"href":"https:\/\/aconteceemmacaeeregiao.com.br\/index.php\/wp-json\/wp\/v2\/media?parent=19531"}],"wp:term":[{"taxonomy":"category","embeddable":true,"href":"https:\/\/aconteceemmacaeeregiao.com.br\/index.php\/wp-json\/wp\/v2\/categories?post=19531"},{"taxonomy":"post_tag","embeddable":true,"href":"https:\/\/aconteceemmacaeeregiao.com.br\/index.php\/wp-json\/wp\/v2\/tags?post=19531"}],"curies":[{"name":"wp","href":"https:\/\/api.w.org\/{rel}","templated":true}]}}